{"id":46314,"date":"2018-04-03T12:23:38","date_gmt":"2018-04-03T15:23:38","guid":{"rendered":"http:\/\/caririemacao.com\/1\/?p=46314"},"modified":"2018-04-03T13:54:13","modified_gmt":"2018-04-03T16:54:13","slug":"sume-faz-aniversario-e-prefeito-eden-entrega-escola-com-ensino-em-tempo-integral-e-anuncia-novas-obras-2","status":"publish","type":"post","link":"https:\/\/www.caririemacao.com\/1\/2018\/04\/03\/sume-faz-aniversario-e-prefeito-eden-entrega-escola-com-ensino-em-tempo-integral-e-anuncia-novas-obras-2\/","title":{"rendered":"Sum\u00e9 faz anivers\u00e1rio e prefeito \u00c9den entrega escola com ensino em tempo integral e anuncia novas obras"},"content":{"rendered":"<p>O Munic\u00edpio de Sum\u00e9 completou neste domingo 67 anos de Emancipa\u00e7\u00e3o Pol\u00edtica e a Prefeitura comemorou com uma vasta programa\u00e7\u00e3o que se estendeu durante todo o dia, realizando torneio de basquete, futebol, corrida de rua, passeio cicl\u00edstico e alvorada com a Filarm\u00f4nica Municipal Maestro Ant\u00f4nio Josu\u00e9 de Lima.<\/p>\n<p>\u00c0s 07h, na pra\u00e7a Jos\u00e9 Am\u00e9rico, aconteceu o Hasteamento das Bandeiras com a participa\u00e7\u00e3o do prefeito \u00c9den Duarte, do deputado federal Wellington Roberto e do presidente da C\u00e2mara de Vereadores, Jos\u00e9 Ant\u00f4nio Fernandes de Oliveira. Tamb\u00e9m compareceram o deputado estadual Branco Mendes, vereadores, auxiliares do governo e populares.<\/p>\n<p>Ap\u00f3s o Hasteamento das Bandeiras foi dada a largada para a corrida de rua e o passeio cicl\u00edstico do grupo Pedala Sum\u00e9.<\/p>\n<p>Em seguida, uma missa solene foi celebrada na Igreja Matriz Nossa Senhora da Concei\u00e7\u00e3o e um torneio de basquete na Pra\u00e7a Jos\u00e9 Am\u00e9rico.<\/p>\n<p>O marco da celebra\u00e7\u00e3o do anivers\u00e1rio da cidade aconteceu com a entrega da obra de reforma e amplia\u00e7\u00e3o da Escola Maria Leite Rafael. Planejada e iniciada na \u00faltima gest\u00e3o do ex-prefeito Neto Duarte e conclu\u00edda agora com o seu sucessor \u00c9den Duarte.<\/p>\n<p>Or\u00e7ada no valor de R$ 1,1 milh\u00e3o, a escola contou com recursos de emenda do deputado federal Luiz Couto (R$ 400 mil), do deputado estadual Branco Mendes (R$ 250 mil), do deputado estadual Caio Roberto (R$ 250 mil) e com recursos pr\u00f3prios da Prefeitura de Sum\u00e9 no valor de R$ 290 mil.<\/p>\n<p>A escola tem uma arquitetura moderna, bem projetada, constru\u00edda numa \u00e1rea de 1.680 m\u00b2. Atender\u00e1 aproximadamente 420 alunos do Fundamental I, somados pela nuclea\u00e7\u00e3o da Escola Irineu Severo de Mac\u00eado, em tempo integral.<\/p>\n<p>Sua estrutura f\u00edsica possui 14 salas de aula, 01 laborat\u00f3rio de inform\u00e1tica, 01 biblioteca, 01 secretaria, 01 sala de dire\u00e7\u00e3o, 01 sala de professores, 01 almoxarifado, 01 refeit\u00f3rio e espa\u00e7o de \u00e1rea aberta para recrea\u00e7\u00e3o.<\/p>\n<p>O deputado estadual Branco Mendes, que h\u00e1 alguns anos tem participado ativamente das comemora\u00e7\u00f5es do anivers\u00e1rio da cidade, parabenizou o munic\u00edpio e disse ser gratificante trabalhar em prol de uma cidade que sabe aplicar os recursos recebidos, citando o ex-prefeito doutor Neto e a atual gest\u00e3o do prefeito \u00c9den Duarte.<\/p>\n<p>O deputado federal Wellington Roberto declarou que o prefeito \u00c9den est\u00e1 sempre em contato com o seu gabinete para pleitear recursos, o que demonstra a preocupa\u00e7\u00e3o e a vontade do gestor sumeense em trabalhar pelo munic\u00edpio.<\/p>\n<p>\u00c9den declarou que a Escola Maria Leite ser\u00e1 uma das pioneiras da Para\u00edba a funcionar em tempo integral no Ensino Fundamental I e que ele tem a honra de entreg\u00e1-la, porque sabe\u00a0 que servir\u00e1 para os filhos de Sum\u00e9, ajudando a formar gera\u00e7\u00f5es mais qualificadas.<\/p>\n<p>Na solenidade, \u00c9den ainda assinou ordem de servi\u00e7o no valor de R$ 187 mil para constru\u00e7\u00e3o de 3.829 metros de cal\u00e7amento nas ruas da V\u00e1rzea Redonda: Francisco Paulino Gomes, Gedalva Sousa Silva, Rua Senhorzinho Viana, Santa Mendon\u00e7a, Rua Ant\u00f4nio Rom\u00e3o, Raimundo Sabi\u00e1, Travessa Adamastor Gomes de Ara\u00fajo e <em>Beco de Juliano<\/em>.<\/p>\n<p>O prefeito tamb\u00e9m assinou, junto com o deputado Wellington Roberto, a ordem de servi\u00e7o para constru\u00e7\u00e3o de passagem molhada sobre afluente do Rio Cinco Vacas e afluente do Rio Sucuru, na comunidade V\u00e1rzea, zona rural. O valor da obra \u00e9 de R$ 226.192,00 conseguidos com o deputado Wellington.<\/p>\n<p>Ainda durante a solenidade, \u00c9den e o vice-prefeito Dr\u00f3 fizeram a entrega de fardamento e livros did\u00e1ticos para os alunos da Escola Maria Leite Rafael, al\u00e9m disso, o prefeito e o vice tamb\u00e9m entregaram novos equipamentos e fardamentos para a equipe do SAMU.<\/p>\n<p><strong>CARIRI EM A\u00c7\u00c3O<\/strong><\/p>\n<p><em>Com Ascom \/Foto: Reprodu\u00e7\u00e3o<\/em><\/p>\n<p><strong>Leia mais not\u00edcias em\u00a0<\/strong><a href=\"http:\/\/www.caririemacao.com\/\"><strong>caririemacao.com<\/strong><\/a><strong>, siga nossa p\u00e1gina no\u00a0<\/strong><a href=\"https:\/\/www.facebook.com\/CaririEmAcao\/?ref=aymt_homepage_panel\"><strong>Facebook<\/strong><\/a>,<strong>\u00a0<\/strong><a href=\"https:\/\/www.instagram.com\/cariri_em_acao\/?hl=pt-br\"><strong>Instagram<\/strong><\/a><strong>\u00a0e <\/strong><a href=\"https:\/\/www.youtube.com\/channel\/UCAptA0jQuYQy8vMhLt2m4qg\"><strong>Youtube<\/strong><\/a><strong>\u00a0e veja nossas mat\u00e9rias, v\u00eddeos e fotos. Voc\u00ea tamb\u00e9m pode enviar informa\u00e7\u00f5es \u00e0 Reda\u00e7\u00e3o do Portal Cariri em A\u00e7\u00e3o pelo WhatsApp (83) 9 9634.5791, (83) 9 9601-1162.<\/strong><\/p>\n","protected":false},"excerpt":{"rendered":"<p>O Munic\u00edpio de Sum\u00e9 completou neste domingo 67 anos de Emancipa\u00e7\u00e3o Pol\u00edtica e a Prefeitura comemorou com uma vasta programa\u00e7\u00e3o que se estendeu durante todo&hellip; <\/p>\n","protected":false},"author":2,"featured_media":46315,"comment_status":"closed","ping_status":"closed","sticky":false,"template":"","format":"standard","meta":{"sfsi_plus_gutenberg_text_before_share":"","sfsi_plus_gutenberg_show_text_before_share":"","sfsi_plus_gutenberg_icon_type":"","sfsi_plus_gutenberg_icon_alignemt":"","sfsi_plus_gutenburg_max_per_row":"","footnotes":""},"categories":[6],"tags":[],"class_list":["post-46314","post","type-post","status-publish","format-standard","has-post-thumbnail","hentry","category-cidades"],"_links":{"self":[{"href":"https:\/\/www.caririemacao.com\/1\/wp-json\/wp\/v2\/posts\/46314","targetHints":{"allow":["GET"]}}],"collection":[{"href":"https:\/\/www.caririemacao.com\/1\/wp-json\/wp\/v2\/posts"}],"about":[{"href":"https:\/\/www.caririemacao.com\/1\/wp-json\/wp\/v2\/types\/post"}],"author":[{"embeddable":true,"href":"https:\/\/www.caririemacao.com\/1\/wp-json\/wp\/v2\/users\/2"}],"replies":[{"embeddable":true,"href":"https:\/\/www.caririemacao.com\/1\/wp-json\/wp\/v2\/comments?post=46314"}],"version-history":[{"count":0,"href":"https:\/\/www.caririemacao.com\/1\/wp-json\/wp\/v2\/posts\/46314\/revisions"}],"wp:featuredmedia":[{"embeddable":true,"href":"https:\/\/www.caririemacao.com\/1\/wp-json\/wp\/v2\/media\/46315"}],"wp:attachment":[{"href":"https:\/\/www.caririemacao.com\/1\/wp-json\/wp\/v2\/media?parent=46314"}],"wp:term":[{"taxonomy":"category","embeddable":true,"href":"https:\/\/www.caririemacao.com\/1\/wp-json\/wp\/v2\/categories?post=46314"},{"taxonomy":"post_tag","embeddable":true,"href":"https:\/\/www.caririemacao.com\/1\/wp-json\/wp\/v2\/tags?post=46314"}],"curies":[{"name":"wp","href":"https:\/\/api.w.org\/{rel}","templated":true}]}}