{"id":46317,"date":"2018-04-03T14:18:58","date_gmt":"2018-04-03T17:18:58","guid":{"rendered":"http:\/\/caririemacao.com\/1\/?p=46317"},"modified":"2018-04-03T14:18:58","modified_gmt":"2018-04-03T17:18:58","slug":"de-olho-em-candidatura-meirelles-se-filia-ao-mdb-e-defende-legado-de-temer","status":"publish","type":"post","link":"https:\/\/www.caririemacao.com\/1\/2018\/04\/03\/de-olho-em-candidatura-meirelles-se-filia-ao-mdb-e-defende-legado-de-temer\/","title":{"rendered":"De olho em candidatura, Meirelles se filia ao MDB e defende legado de Temer"},"content":{"rendered":"<p>Com a presen\u00e7a do presidente Michel Temer, o ministro da Fazenda, Henrique Meirelles, se filiou nesta ter\u00e7a-feira (3) ao MDB (Movimento Democr\u00e1tico Brasileiro) de olho em uma oportunidade para se candidatar \u00e0 Presid\u00eancia da Rep\u00fablica nas elei\u00e7\u00f5es de outubro deste ano.<\/p>\n<p>Meirelles fez cr\u00edticas ao governo anterior, de Dilma Rousseff (PT), e defendeu as pol\u00edticas p\u00fablicas e econ\u00f4micas do governo Temer. Entre as medidas, citou as reformas aprovadas, a queda dos juros e da infla\u00e7\u00e3o, e a retomada do crescimento.<\/p>\n<p>&#8220;O presidente Michel Temer assumiu um desafio gigante. Imposs\u00edvel, diriam alguns. [&#8230;] A crise que herdamos veio de erros econ\u00f4micos praticados no Brasil. Em 2016, o pa\u00eds enfrentava a pior crise de sua hist\u00f3ria. [&#8230;] Ele deu a liberdade para que fosse implantada a pol\u00edtica econ\u00f4mica, escolha dos nomes e todas as propostas para as reformas fundamentais. Nossa equipe econ\u00f4mica chegou a ser chamada de\u00a0<em>dream team<\/em>&#8220;, discursou.<\/p>\n<p>&#8220;Esse legado n\u00e3o pode ser perdido nem esquecido. \u00c9 preciso perseverar, ter coragem e insistir nas medidas e nas dire\u00e7\u00f5es certas para o pa\u00eds. Tenho muito orgulho de me filiar ao partido que, sempre que foi chamado, teve a responsabilidade de fazer o que era correto para o pa\u00eds&#8221;, acrescentou.<\/p>\n<div class=\"mod-foto-embed w615x300\"><\/div>\n<p>A filia\u00e7\u00e3o de Meirelles aconteceu na sede nacional do partido, em Bras\u00edlia. O evento estava lotado de parlamentares da sigla, pol\u00edticos e convidados.<\/p>\n<p>Em entrevista \u00e0 imprensa, Meirelles afirmou que ficar\u00e1 na Fazenda at\u00e9 sexta (6). Questionado se seu sucessor na pasta ser\u00e1 o atual secret\u00e1rio-executivo Eduardo Guardia, informou que decidir\u00e1 nos pr\u00f3ximos dois dias.<\/p>\n<p>Segundo Meirelles, ele retorna ao MDB \u2013 chegou a filiar-se ao partido em 2009 \u2013 em busca do sonho de se construir um Brasil mais livre, igual e com justi\u00e7a social. &#8220;Um momento para mim muito importante porque assino a reentrada em um partido que tem os mesmos valores que eu tenho. Em primeiro lugar, da democracia e do Estado de Direito&#8221;, falou. &#8220;[Tive] um n\u00edvel de receptividade no partido muito forte e [isso] me d\u00e1 mais for\u00e7a, incentivo, a prosseguirmos nesse caminho.&#8221;<\/p>\n<p>Meirelles negou que o fato de Temer e seu entorno estar envolvido em inqu\u00e9ritos n\u00e3o est\u00e1 sendo levado em conta por ora. Questionado pelo<strong>\u00a0UOL<\/strong>\u00a0se aceitaria ser vice em uma chapa junto a Temer, afirmou estar &#8220;discutindo isso no momento&#8221;.<\/p>\n<p>&#8220;O momento \u00e9 um momento em que eu entro no partido e este \u00e9 o grande evento agora. Tenho um projeto de candidatura \u00e0 Presid\u00eancia. Agora, entrando no partido, vamos discutir a\u00ed quais os pr\u00f3ximos passos e, evidentemente, qual a melhor composi\u00e7\u00e3o partid\u00e1ria visando a evitar que o Brasil volte a ter pol\u00edticas populistas e oportunistas&#8221;, falou.<\/p>\n<p>Michel Temer tamb\u00e9m discursou e come\u00e7ou a fala dizendo que Meirelles est\u00e1 habilitado a ocupar qualquer cargo no pa\u00eds. &#8220;N\u00e3o h\u00e1 a menor d\u00favida disso&#8221;, disse, e exaltou o comando de Meirelles na economia, especialmente quando assumiram o governo em 2016. De acordo com Temer, era preciso &#8220;reconstruir&#8221; o Brasil.<\/p>\n<p>Ao relembrar a hist\u00f3ria de vida de Meirelles, Temer disse ser interessante que o ministro n\u00e3o faz nada &#8220;sem calcular&#8221;. O presidente n\u00e3o citou diretamente a vontade de Meirelles se candidatar \u00e0 Presid\u00eancia. &#8220;Pude perceber ao longo destes dois anos, sob estreit\u00edssima conviv\u00eancia [&#8230;] Ele naturalmente brigou, brigamos, com todas as for\u00e7as contra a infla\u00e7\u00e3o, os juros altos. Interessante que essa briga pela economia redundou tamb\u00e9m na prosperidade do governo em todos os outros setores&#8221;, disse.<\/p>\n<p>Estampado na tela ao fundo de onde discursaram Meirelles e Temer, havia um desenho com os rostos de ambos sorrindo lado a lado e o escrito &#8220;Nossa uni\u00e3o nos fortalece&#8221;.<\/p>\n<p>Uma m\u00fasica tocada no evento dizia &#8220;M de Michel, M de Meirelles, M de MDB&#8221;.<\/p>\n<p><strong>Candidatura de Meirelles depende de Temer<\/strong><\/p>\n<p>Embora n\u00e3o tenha confirmado oficialmente, Meirelles pretende concorrer \u00e0 Presid\u00eancia. Antes filiado ao PSD, Meirelles n\u00e3o encontrou espa\u00e7o na sigla, comandada por Gilberto Kassab, para o sonho eleitoral. O ministro dever\u00e1 se desligar da pasta da Fazenda at\u00e9 s\u00e1bado (7), prazo m\u00e1ximo para quem desejar disputar a elei\u00e7\u00e3o deixar seu cargo.<\/p>\n<p>No MDB, Meirelles ainda n\u00e3o tem a garantia de que poder\u00e1 sair candidato, pois o pr\u00f3prio presidente Michel Temer (MDB) j\u00e1 disse considerar a possibilidade de tentar a reelei\u00e7\u00e3o. Assim, ambos ainda conversam sobre o desenho da chapa.<\/p>\n<p>Antes ligado ao PRB, o deputado federal Beto\u00a0Mansur, de Santos, em S\u00e3o Paulo, tamb\u00e9m se filiou ao\u00a0MDB\u00a0nesta ter\u00e7a.\u00a0Mansur\u00a0foi um dos principais defensores de Temer na C\u00e2mara quando da apresenta\u00e7\u00e3o das duas den\u00fancias contra o presidente pela PGR (Procuradoria-Geral da Rep\u00fablica) no ano passado.<\/p>\n<p><strong>CARIRI EM A\u00c7\u00c3O<\/strong><\/p>\n<p><em>Com UOL \/Foto: Reprodu\u00e7\u00e3o<\/em><\/p>\n<p><strong>Leia mais not\u00edcias em\u00a0<\/strong><a href=\"http:\/\/www.caririemacao.com\/\"><strong>caririemacao.com<\/strong><\/a><strong>, siga nossa p\u00e1gina no\u00a0<\/strong><a href=\"https:\/\/www.facebook.com\/CaririEmAcao\/?ref=aymt_homepage_panel\"><strong>Facebook<\/strong><\/a>,<strong>\u00a0<\/strong><a href=\"https:\/\/www.instagram.com\/cariri_em_acao\/?hl=pt-br\"><strong>Instagram<\/strong><\/a><strong>\u00a0e <\/strong><a href=\"https:\/\/www.youtube.com\/channel\/UCAptA0jQuYQy8vMhLt2m4qg\"><strong>Youtube<\/strong><\/a><strong>\u00a0e veja nossas mat\u00e9rias, v\u00eddeos e fotos. Voc\u00ea tamb\u00e9m pode enviar informa\u00e7\u00f5es \u00e0 Reda\u00e7\u00e3o do Portal Cariri em A\u00e7\u00e3o pelo WhatsApp (83) 9 9634.5791, (83) 9 9601-1162.<\/strong><\/p>\n","protected":false},"excerpt":{"rendered":"<p>Com a presen\u00e7a do presidente Michel Temer, o ministro da Fazenda, Henrique Meirelles, se filiou nesta ter\u00e7a-feira (3) ao MDB (Movimento Democr\u00e1tico Brasileiro) de olho&hellip; <\/p>\n","protected":false},"author":2,"featured_media":46320,"comment_status":"closed","ping_status":"closed","sticky":false,"template":"","format":"standard","meta":{"sfsi_plus_gutenberg_text_before_share":"","sfsi_plus_gutenberg_show_text_before_share":"","sfsi_plus_gutenberg_icon_type":"","sfsi_plus_gutenberg_icon_alignemt":"","sfsi_plus_gutenburg_max_per_row":"","footnotes":""},"categories":[11],"tags":[],"class_list":["post-46317","post","type-post","status-publish","format-standard","has-post-thumbnail","hentry","category-politica"],"_links":{"self":[{"href":"https:\/\/www.caririemacao.com\/1\/wp-json\/wp\/v2\/posts\/46317","targetHints":{"allow":["GET"]}}],"collection":[{"href":"https:\/\/www.caririemacao.com\/1\/wp-json\/wp\/v2\/posts"}],"about":[{"href":"https:\/\/www.caririemacao.com\/1\/wp-json\/wp\/v2\/types\/post"}],"author":[{"embeddable":true,"href":"https:\/\/www.caririemacao.com\/1\/wp-json\/wp\/v2\/users\/2"}],"replies":[{"embeddable":true,"href":"https:\/\/www.caririemacao.com\/1\/wp-json\/wp\/v2\/comments?post=46317"}],"version-history":[{"count":0,"href":"https:\/\/www.caririemacao.com\/1\/wp-json\/wp\/v2\/posts\/46317\/revisions"}],"wp:featuredmedia":[{"embeddable":true,"href":"https:\/\/www.caririemacao.com\/1\/wp-json\/wp\/v2\/media\/46320"}],"wp:attachment":[{"href":"https:\/\/www.caririemacao.com\/1\/wp-json\/wp\/v2\/media?parent=46317"}],"wp:term":[{"taxonomy":"category","embeddable":true,"href":"https:\/\/www.caririemacao.com\/1\/wp-json\/wp\/v2\/categories?post=46317"},{"taxonomy":"post_tag","embeddable":true,"href":"https:\/\/www.caririemacao.com\/1\/wp-json\/wp\/v2\/tags?post=46317"}],"curies":[{"name":"wp","href":"https:\/\/api.w.org\/{rel}","templated":true}]}}