{"id":46544,"date":"2018-04-05T18:04:51","date_gmt":"2018-04-05T21:04:51","guid":{"rendered":"http:\/\/caririemacao.com\/1\/?p=46544"},"modified":"2018-04-05T18:04:51","modified_gmt":"2018-04-05T21:04:51","slug":"detran-pb-divulga-3a-chamada-dos-candidatos-selecionados-no-programa-de-habilitacao-social","status":"publish","type":"post","link":"https:\/\/www.caririemacao.com\/1\/2018\/04\/05\/detran-pb-divulga-3a-chamada-dos-candidatos-selecionados-no-programa-de-habilitacao-social\/","title":{"rendered":"Detran-PB divulga 3\u00aa chamada dos candidatos selecionados no Programa de Habilita\u00e7\u00e3o Social"},"content":{"rendered":"<p>O Departamento Estadual de Tr\u00e2nsito (Detran-PB) divulgou, nesta quinta-feira (5), a lista da 3\u00aa chamada dos candidatos selecionados no Programa de Habilita\u00e7\u00e3o Social (PHS). A rela\u00e7\u00e3ofoi disponibilizada no site\u00a0www.habilitacaosocial.pb.gov.br\u00a0, contendo os nomes dos 485 classificados, por regi\u00e3o, nessa fase do projeto.<\/p>\n<p>Eles dever\u00e3o comparecer nas datas e locais indicados, no per\u00edodo de\u00a07 a 18 de maio pr\u00f3ximo, a fim de comprovar os documentos.\u00a0De acordo com a rela\u00e7\u00e3o, o maior n\u00famero de classificados nessa 3\u00aa chamada pertence \u00e0 1\u00aa Regi\u00e3o (Jo\u00e3o Pessoa), com 234 candidatos, seguida por Campina Grande (97), Cajazeiras (21), Catol\u00e9 do Rocha (20), Patos e Princesa Isabel (19 cada), Guarabira, Monteiroe Itabaiana (15 cada), Mamanguape (10), Sousa (7), Cuit\u00e9 e Pombal (5 cada) e Itaporanga (3).<\/p>\n<p>Um total de 54.451 paraibanos se inscreveu no programa, lan\u00e7ado pelo Governo do Estado em junho de 2016. Nessa edi\u00e7\u00e3o, mais 1.500 pessoas de baixa renda ter\u00e3o acesso \u00e0 Carteira Nacional de Habilita\u00e7\u00e3o (CNH) de gra\u00e7a.\u00a0De acordo com o relat\u00f3rio final, Jo\u00e3o Pessoa teve o maior n\u00famero de inscritos (18.977), seguida de Campina Grande (5.772), Patos (2.064), Santa Rita (1.838), Sousa (1.717), Bayeux (1.502), Cajazeiras (1.183) e Pombal (1.129). Nos demais munic\u00edpios, esse n\u00famero foi inferior a mil.<\/p>\n<p>Entre eles, o n\u00famero de mulheres foi superior ao dos homens: 29.376 contra 25.075. De acordo com as vagas dispon\u00edveis, foram inscritos 17.146 benefici\u00e1rios ou com perfil para o Programa Bolsa Fam\u00edlia; 35.702 pessoas com renda familiar at\u00e9 um sal\u00e1rio m\u00ednimo ou desempregadas; 1.259 alunos dos programas Projovem e Brasil Alfabetizado;176 egressos e liberados do sistema penitenci\u00e1rio, e 164 benefici\u00e1rios do Programa de Aquisi\u00e7\u00e3o de Alimentos (PAA).<\/p>\n<p>Os candidatos inscritos foram selecionados de acordo com a distribui\u00e7\u00e3o e a destina\u00e7\u00e3o das vagas, obedecendo os termos previstos na portaria: 50% para benefici\u00e1rios do Bolsa Fam\u00edlia; 20% para alunos ou concluintes dos programas Projovem e Brasil Alfabetizado; 15% para pessoas com renda familiar igual ou inferior a um sal\u00e1rio m\u00ednimo ou desempregadas; 10% para pessoas egressas e liberadas do sistema penitenci\u00e1rio, e 5% para benefici\u00e1rios do Programa de Aquisi\u00e7\u00e3o de Alimentos (PAA).<\/p>\n<p>O programa foi criado em 2012, com o prop\u00f3sito de possibilitar o acesso das pessoas de baixo poder aquisitivo\u00e0 obten\u00e7\u00e3o gratuita da Autoriza\u00e7\u00e3o para Condu\u00e7\u00e3o de Ciclomotores (ACC), da primeira Carteira Nacional de Habilita\u00e7\u00e3o nas categorias A ou B, da hip\u00f3tese de adi\u00e7\u00e3o de categoria A ou B, bem como da mudan\u00e7a de categorias para C, D ou E.<\/p>\n<p>O candidato classificado no PHS \u00e9 dispensado do pagamento das taxas relativas aos exames de aptid\u00e3o f\u00edsica e mental, \u00e0 adi\u00e7\u00e3o de categoria, \u00e0 mudan\u00e7a de categoria, \u00e0 Licen\u00e7a para Aprendizado de Dire\u00e7\u00e3o Veicular (LADV), \u00e0 permiss\u00e3o para dirigir A ou B e \u00e0 realiza\u00e7\u00e3o dos cursos te\u00f3rico-t\u00e9cnicos e de pr\u00e1tica de dire\u00e7\u00e3o veicular.<\/p>\n<p>Todos\u00a0os Centros de Forma\u00e7\u00e3o de Condutores (autoescolas) em funcionamento\u00a0s\u00e3o obrigados a reservar parte das vagas para o programa. De acordo com o regulamento, 80% delas\u00a0s\u00e3o para candidatos \u00e0 obten\u00e7\u00e3o da primeira CNH e 20% para mudan\u00e7a de categoria. Pelo programa, os que obt\u00eam a CNH na categoria \u201cA\u201d (motociclistas) recebem um capacete, como forma de incentivo ao uso do equipamento de seguran\u00e7a.<\/p>\n<p><strong>CARIRI EM A\u00c7\u00c3O<\/strong><\/p>\n<p><em>Com Para\u00edba J\u00e1<\/em><em>\/Foto:\u00a0Para\u00edba J\u00e1<\/em><\/p>\n<p><em>L<\/em><strong>eia mais not\u00edcias em\u00a0<a href=\"http:\/\/www.caririemacao.com\/\">caririemacao.com<\/a>, siga nossa p\u00e1gina no\u00a0<a href=\"https:\/\/www.facebook.com\/CaririEmAcao\/?ref=aymt_homepage_panel\">Facebook<\/a>,\u00a0<a href=\"https:\/\/www.instagram.com\/cariri_em_acao\/?hl=pt-br\">Instagram<\/a>\u00a0e\u00a0<a href=\"https:\/\/www.youtube.com\/channel\/UCAptA0jQuYQy8vMhLt2m4qg\">Youtube<\/a>\u00a0e veja nossas mat\u00e9rias, v\u00eddeos e fotos. Voc\u00ea tamb\u00e9m pode enviar informa\u00e7\u00f5es \u00e0 Reda\u00e7\u00e3o do Portal Cariri em A\u00e7\u00e3o pelo WhatsApp (83) 9 9634.5791, (83) 9 9601-1162.<\/strong><\/p>\n","protected":false},"excerpt":{"rendered":"<p>O Departamento Estadual de Tr\u00e2nsito (Detran-PB) divulgou, nesta quinta-feira (5), a lista da 3\u00aa chamada dos candidatos selecionados no Programa de Habilita\u00e7\u00e3o Social (PHS). A&hellip; <\/p>\n","protected":false},"author":2,"featured_media":46545,"comment_status":"closed","ping_status":"closed","sticky":false,"template":"","format":"standard","meta":{"sfsi_plus_gutenberg_text_before_share":"","sfsi_plus_gutenberg_show_text_before_share":"","sfsi_plus_gutenberg_icon_type":"","sfsi_plus_gutenberg_icon_alignemt":"","sfsi_plus_gutenburg_max_per_row":"","footnotes":""},"categories":[2],"tags":[],"class_list":["post-46544","post","type-post","status-publish","format-standard","has-post-thumbnail","hentry","category-geral"],"_links":{"self":[{"href":"https:\/\/www.caririemacao.com\/1\/wp-json\/wp\/v2\/posts\/46544","targetHints":{"allow":["GET"]}}],"collection":[{"href":"https:\/\/www.caririemacao.com\/1\/wp-json\/wp\/v2\/posts"}],"about":[{"href":"https:\/\/www.caririemacao.com\/1\/wp-json\/wp\/v2\/types\/post"}],"author":[{"embeddable":true,"href":"https:\/\/www.caririemacao.com\/1\/wp-json\/wp\/v2\/users\/2"}],"replies":[{"embeddable":true,"href":"https:\/\/www.caririemacao.com\/1\/wp-json\/wp\/v2\/comments?post=46544"}],"version-history":[{"count":0,"href":"https:\/\/www.caririemacao.com\/1\/wp-json\/wp\/v2\/posts\/46544\/revisions"}],"wp:featuredmedia":[{"embeddable":true,"href":"https:\/\/www.caririemacao.com\/1\/wp-json\/wp\/v2\/media\/46545"}],"wp:attachment":[{"href":"https:\/\/www.caririemacao.com\/1\/wp-json\/wp\/v2\/media?parent=46544"}],"wp:term":[{"taxonomy":"category","embeddable":true,"href":"https:\/\/www.caririemacao.com\/1\/wp-json\/wp\/v2\/categories?post=46544"},{"taxonomy":"post_tag","embeddable":true,"href":"https:\/\/www.caririemacao.com\/1\/wp-json\/wp\/v2\/tags?post=46544"}],"curies":[{"name":"wp","href":"https:\/\/api.w.org\/{rel}","templated":true}]}}