{"id":46547,"date":"2018-04-05T18:08:33","date_gmt":"2018-04-05T21:08:33","guid":{"rendered":"http:\/\/caririemacao.com\/1\/?p=46547"},"modified":"2018-04-05T18:08:33","modified_gmt":"2018-04-05T21:08:33","slug":"enem-governo-executa-plano-de-acao-para-isentar-alunos-da-rede-estadual","status":"publish","type":"post","link":"https:\/\/www.caririemacao.com\/1\/2018\/04\/05\/enem-governo-executa-plano-de-acao-para-isentar-alunos-da-rede-estadual\/","title":{"rendered":"Enem: Governo executa plano de a\u00e7\u00e3o para isentar alunos da Rede Estadual"},"content":{"rendered":"<p>A Secretaria de Estado da Educa\u00e7\u00e3o (SEE) realiza, nesta quinta (5) e sexta-feira (6), nas escolas da Rede Estadual, um plano de a\u00e7\u00e3o para que os alunos do 3\u00ba Ano do Ensino M\u00e9dio solicitem a isen\u00e7\u00e3o da taxa de inscri\u00e7\u00e3o no Exame Nacional do Ensino M\u00e9dio (Enem), que ocorre desta quarta-feira (4) a 11 de abril. A a\u00e7\u00e3o foi discutida na ter\u00e7a-feira (3), em reuni\u00e3o com gerentes das 14 Regionais de Educa\u00e7\u00e3o e gerentes executivos da SEE, no Centro de Forma\u00e7\u00e3o de Educadores, em Jo\u00e3o Pessoa, e contou com a presen\u00e7a do secret\u00e1rio da Educa\u00e7\u00e3o, Al\u00e9ssio Trindade.<\/p>\n<p>Para desenvolver o plano de a\u00e7\u00e3o, cada Ger\u00eancia Regional de Educa\u00e7\u00e3o (GRE) vai mobilizar as equipes escolares, por meio de apresenta\u00e7\u00e3o do Edital do Enem, em v\u00eddeos, slides ou escrito, para que os alunos fiquem sabendo do calend\u00e1rio divulgado pelo MEC. Al\u00e9m disso, ser\u00e3o identificados nas unidades de ensino os alunos que n\u00e3o disp\u00f5em da documenta\u00e7\u00e3o pessoal, para serem encaminhados e solicitar o documento. Ainda como parte do plano, ser\u00e3o convidados alunos aprovados no Enem de 2017, para compartilhar suas experi\u00eancias com os estudantes das escolas visitadas pelas equipes.<\/p>\n<p>Ap\u00f3s a mobiliza\u00e7\u00e3o, cada escola dever\u00e1 apresentar o planejamento para a prepara\u00e7\u00e3o dos alunos para a realiza\u00e7\u00e3o das provas do Enem 2018. Dentre as estrat\u00e9gias poder\u00e3o ser realizados aul\u00f5es, simulados, utiliza\u00e7\u00f5es de plataformas de simula\u00e7\u00f5es online e discuss\u00e3o com os estudantes sobre seu projeto de vida. As inscri\u00e7\u00f5es para o Enem ocorrer\u00e3o no per\u00edodo de 7 a 18 de maio.<\/p>\n<p>Durante a reuni\u00e3o, o secret\u00e1rio Al\u00e9ssio apresentou o monitoramento das escolas cidad\u00e3s integrais, que atualmente contam com 35 mil alunos matriculados. \u201cSuperamos a meta de matriculados nas escolas cidad\u00e3s integrais, mas precisamos trabalhar para fazer com que a nossa educa\u00e7\u00e3o alcance, cada vez mais, melhores resultados, mantendo o foco na aprendizagem e no protagonismo do estudante, meta da gest\u00e3o do governador Ricardo Coutinho\u201d, enfatizou o secret\u00e1rio. Esta \u00e9 a segunda reuni\u00e3o de uma s\u00e9rie de encontros de monitoramento do secret\u00e1rio com as GREs.<\/p>\n<p>Foram apresentados tamb\u00e9m no encontro de gerentes, os n\u00fameros de aprova\u00e7\u00f5es de alunos da Rede Estadual no Enem\/2017, bem como as boas pr\u00e1ticas de prepara\u00e7\u00e3o para o Exame, por dois professores da Escola Cidad\u00e3 Integral Nossa Senhora do Bom Conselho, da 11\u00aa GRE, com sede em Princesa Isabel que conseguiu resultado hist\u00f3rico, registrando 50 por cento de aprova\u00e7\u00e3o no Enem, no estabelecimento de ensino.<\/p>\n<p><strong>CARIRI EM A\u00c7\u00c3O<\/strong><\/p>\n<p><em>Com Para\u00edba J\u00e1<\/em><em>\/Foto:\u00a0Para\u00edba J\u00e1<\/em><\/p>\n<p><em>L<\/em><strong>eia mais not\u00edcias em\u00a0<a href=\"http:\/\/www.caririemacao.com\/\">caririemacao.com<\/a>, siga nossa p\u00e1gina no\u00a0<a href=\"https:\/\/www.facebook.com\/CaririEmAcao\/?ref=aymt_homepage_panel\">Facebook<\/a>,\u00a0<a href=\"https:\/\/www.instagram.com\/cariri_em_acao\/?hl=pt-br\">Instagram<\/a>\u00a0e\u00a0<a href=\"https:\/\/www.youtube.com\/channel\/UCAptA0jQuYQy8vMhLt2m4qg\">Youtube<\/a>\u00a0e veja nossas mat\u00e9rias, v\u00eddeos e fotos. Voc\u00ea tamb\u00e9m pode enviar informa\u00e7\u00f5es \u00e0 Reda\u00e7\u00e3o do Portal Cariri em A\u00e7\u00e3o pelo WhatsApp (83) 9 9634.5791, (83) 9 9601-1162.<\/strong><\/p>\n","protected":false},"excerpt":{"rendered":"<p>A Secretaria de Estado da Educa\u00e7\u00e3o (SEE) realiza, nesta quinta (5) e sexta-feira (6), nas escolas da Rede Estadual, um plano de a\u00e7\u00e3o para que&hellip; <\/p>\n","protected":false},"author":2,"featured_media":45349,"comment_status":"closed","ping_status":"closed","sticky":false,"template":"","format":"standard","meta":{"sfsi_plus_gutenberg_text_before_share":"","sfsi_plus_gutenberg_show_text_before_share":"","sfsi_plus_gutenberg_icon_type":"","sfsi_plus_gutenberg_icon_alignemt":"","sfsi_plus_gutenburg_max_per_row":"","footnotes":""},"categories":[14],"tags":[],"class_list":["post-46547","post","type-post","status-publish","format-standard","has-post-thumbnail","hentry","category-educacao"],"_links":{"self":[{"href":"https:\/\/www.caririemacao.com\/1\/wp-json\/wp\/v2\/posts\/46547","targetHints":{"allow":["GET"]}}],"collection":[{"href":"https:\/\/www.caririemacao.com\/1\/wp-json\/wp\/v2\/posts"}],"about":[{"href":"https:\/\/www.caririemacao.com\/1\/wp-json\/wp\/v2\/types\/post"}],"author":[{"embeddable":true,"href":"https:\/\/www.caririemacao.com\/1\/wp-json\/wp\/v2\/users\/2"}],"replies":[{"embeddable":true,"href":"https:\/\/www.caririemacao.com\/1\/wp-json\/wp\/v2\/comments?post=46547"}],"version-history":[{"count":0,"href":"https:\/\/www.caririemacao.com\/1\/wp-json\/wp\/v2\/posts\/46547\/revisions"}],"wp:featuredmedia":[{"embeddable":true,"href":"https:\/\/www.caririemacao.com\/1\/wp-json\/wp\/v2\/media\/45349"}],"wp:attachment":[{"href":"https:\/\/www.caririemacao.com\/1\/wp-json\/wp\/v2\/media?parent=46547"}],"wp:term":[{"taxonomy":"category","embeddable":true,"href":"https:\/\/www.caririemacao.com\/1\/wp-json\/wp\/v2\/categories?post=46547"},{"taxonomy":"post_tag","embeddable":true,"href":"https:\/\/www.caririemacao.com\/1\/wp-json\/wp\/v2\/tags?post=46547"}],"curies":[{"name":"wp","href":"https:\/\/api.w.org\/{rel}","templated":true}]}}