{"id":46590,"date":"2018-04-05T19:33:45","date_gmt":"2018-04-05T22:33:45","guid":{"rendered":"http:\/\/caririemacao.com\/1\/?p=46590"},"modified":"2018-04-05T19:33:45","modified_gmt":"2018-04-05T22:33:45","slug":"efraim-morais-garante-alianca-do-dem-com-o-psb-e-diz-que-joao-e-a-melhor-opcao-para-a-pb","status":"publish","type":"post","link":"https:\/\/www.caririemacao.com\/1\/2018\/04\/05\/efraim-morais-garante-alianca-do-dem-com-o-psb-e-diz-que-joao-e-a-melhor-opcao-para-a-pb\/","title":{"rendered":"Efraim Morais garante alian\u00e7a do Dem com o PSB e diz que Jo\u00e3o \u00e9 a melhor op\u00e7\u00e3o para a PB"},"content":{"rendered":"<p>O secret\u00e1rio de Estado do Governo (antiga Casa Civil), Efraim Morais (DEM), que participou do\u00a0evento do PSB, que marcou lan\u00e7amento da pr\u00e9-candidatura de Jo\u00e3o ao Governo, no Clube Cabo Branco, em Jo\u00e3o Pessoa, nesta quinta-feira (05), declarou que estar\u00e1 ao lado do PSB, nas disputas para o Governo do Estado, apoiando seu candidato.<\/p>\n<p>Para Efraim, Jo\u00e3o Azev\u00eado \u00e9 o melhor nome para a Para\u00edba. \u201cO Democratas vai continuar apoiando o projeto do PSB, pois entendemos que Jo\u00e3o \u00e9 o melhor nome para a Para\u00edba e para os paraibanos. Vamos trabalhar para fortalecer o grupo e aumentar os partidos que fazem parte dessa coliga\u00e7\u00e3o\u201d.<\/p>\n<p><strong>CARIRI EM A\u00c7\u00c3O<\/strong><\/p>\n<p><em>Com Para\u00edba J\u00e1<\/em><em>\/Foto:\u00a0Para\u00edba J\u00e1<\/em><\/p>\n<p><em>L<\/em><strong>eia mais not\u00edcias em\u00a0<a href=\"http:\/\/www.caririemacao.com\/\">caririemacao.com<\/a>, siga nossa p\u00e1gina no\u00a0<a href=\"https:\/\/www.facebook.com\/CaririEmAcao\/?ref=aymt_homepage_panel\">Facebook<\/a>,\u00a0<a href=\"https:\/\/www.instagram.com\/cariri_em_acao\/?hl=pt-br\">Instagram<\/a>\u00a0e\u00a0<a href=\"https:\/\/www.youtube.com\/channel\/UCAptA0jQuYQy8vMhLt2m4qg\">Youtube<\/a>\u00a0e veja nossas mat\u00e9rias, v\u00eddeos e fotos. Voc\u00ea tamb\u00e9m pode enviar informa\u00e7\u00f5es \u00e0 Reda\u00e7\u00e3o do Portal Cariri em A\u00e7\u00e3o pelo WhatsApp (83) 9 9634.5791, (83) 9 9601-1162.<\/strong><\/p>\n","protected":false},"excerpt":{"rendered":"<p>O secret\u00e1rio de Estado do Governo (antiga Casa Civil), Efraim Morais (DEM), que participou do\u00a0evento do PSB, que marcou lan\u00e7amento da pr\u00e9-candidatura de Jo\u00e3o ao&hellip; <\/p>\n","protected":false},"author":2,"featured_media":46591,"comment_status":"closed","ping_status":"closed","sticky":false,"template":"","format":"standard","meta":{"sfsi_plus_gutenberg_text_before_share":"","sfsi_plus_gutenberg_show_text_before_share":"","sfsi_plus_gutenberg_icon_type":"","sfsi_plus_gutenberg_icon_alignemt":"","sfsi_plus_gutenburg_max_per_row":"","footnotes":""},"categories":[11],"tags":[],"class_list":["post-46590","post","type-post","status-publish","format-standard","has-post-thumbnail","hentry","category-politica"],"_links":{"self":[{"href":"https:\/\/www.caririemacao.com\/1\/wp-json\/wp\/v2\/posts\/46590","targetHints":{"allow":["GET"]}}],"collection":[{"href":"https:\/\/www.caririemacao.com\/1\/wp-json\/wp\/v2\/posts"}],"about":[{"href":"https:\/\/www.caririemacao.com\/1\/wp-json\/wp\/v2\/types\/post"}],"author":[{"embeddable":true,"href":"https:\/\/www.caririemacao.com\/1\/wp-json\/wp\/v2\/users\/2"}],"replies":[{"embeddable":true,"href":"https:\/\/www.caririemacao.com\/1\/wp-json\/wp\/v2\/comments?post=46590"}],"version-history":[{"count":0,"href":"https:\/\/www.caririemacao.com\/1\/wp-json\/wp\/v2\/posts\/46590\/revisions"}],"wp:featuredmedia":[{"embeddable":true,"href":"https:\/\/www.caririemacao.com\/1\/wp-json\/wp\/v2\/media\/46591"}],"wp:attachment":[{"href":"https:\/\/www.caririemacao.com\/1\/wp-json\/wp\/v2\/media?parent=46590"}],"wp:term":[{"taxonomy":"category","embeddable":true,"href":"https:\/\/www.caririemacao.com\/1\/wp-json\/wp\/v2\/categories?post=46590"},{"taxonomy":"post_tag","embeddable":true,"href":"https:\/\/www.caririemacao.com\/1\/wp-json\/wp\/v2\/tags?post=46590"}],"curies":[{"name":"wp","href":"https:\/\/api.w.org\/{rel}","templated":true}]}}