{"id":46596,"date":"2018-04-05T19:41:08","date_gmt":"2018-04-05T22:41:08","guid":{"rendered":"http:\/\/caririemacao.com\/1\/?p=46596"},"modified":"2018-04-05T19:41:08","modified_gmt":"2018-04-05T22:41:08","slug":"estou-preparado-para-governar-a-paraiba-diz-azevedo-durante-evento-o-psb","status":"publish","type":"post","link":"https:\/\/www.caririemacao.com\/1\/2018\/04\/05\/estou-preparado-para-governar-a-paraiba-diz-azevedo-durante-evento-o-psb\/","title":{"rendered":"\u201cEstou preparado para governar a Para\u00edba\u201d, diz Azevedo durante evento o PSB"},"content":{"rendered":"<p>&nbsp;<\/p>\n<p>O pr\u00e9-candidato do PSB ao Governo do Estado, Jo\u00e3o Azevedo, se disse preparado para governar a Para\u00edba, durante evento de lan\u00e7amento da sua pr\u00e9-candidato, no Clube Cabo Brande, em Jo\u00e3o Pessoa.<\/p>\n<p>Segundo Jo\u00e3o, ser\u00e1 dif\u00edcil substituir o \u201cmaior governador que o Estado j\u00e1 teve\u201d, mas ele est\u00e1 \u2018habilitado\u2019 para cumprir o papel.<\/p>\n<p>\u201cMe encontro preparado, estou pronto para desempenhar essa fun\u00e7\u00e3o, com muita honra. \u00c9 desafiador substituir o maior governador que a Para\u00edba j\u00e1 teve, mas ter participado desse projeto nos habilita a conduzir o processo da melhor maneira poss\u00edvel\u201d, disse<\/p>\n<p>Ele ainda afirmou que o planejamento \u00e9 dar continuidade as a\u00e7\u00f5es empreendidas na gest\u00e3o Ricardo, o que ser\u00e1 mais \u2018f\u00e1cil\u2019 pois o \u2018alicerce\u2019 j\u00e1 est\u00e1 montado.<\/p>\n<p>\u201cN\u00f3s vamos ter essa continuidade, as cidades precisam receber a aten\u00e7\u00e3o que receberam nos \u00faltimos 7 anos, e da\u00ed para outros projetos, dar o salto sobre o salto que j\u00e1 demos, tentando fazer mais e melhor do que foi feito, at\u00e9 porque as bases j\u00e1 est\u00e3o montadas\u201d, destacou.<\/p>\n<p><strong>CARIRI EM A\u00c7\u00c3O<\/strong><\/p>\n<p><em>Com Wscom<\/em><\/p>\n<p><em>L<\/em><strong>eia mais not\u00edcias em\u00a0<a href=\"http:\/\/www.caririemacao.com\/\">caririemacao.com<\/a>, siga nossa p\u00e1gina no\u00a0<a href=\"https:\/\/www.facebook.com\/CaririEmAcao\/?ref=aymt_homepage_panel\">Facebook<\/a>,\u00a0<a href=\"https:\/\/www.instagram.com\/cariri_em_acao\/?hl=pt-br\">Instagram<\/a>\u00a0e\u00a0<a href=\"https:\/\/www.youtube.com\/channel\/UCAptA0jQuYQy8vMhLt2m4qg\">Youtube<\/a>\u00a0e veja nossas mat\u00e9rias, v\u00eddeos e fotos. Voc\u00ea tamb\u00e9m pode enviar informa\u00e7\u00f5es \u00e0 Reda\u00e7\u00e3o do Portal Cariri em A\u00e7\u00e3o pelo WhatsApp (83) 9 9634.5791, (83) 9 9601-1162.<\/strong><\/p>\n","protected":false},"excerpt":{"rendered":"<p>&nbsp; O pr\u00e9-candidato do PSB ao Governo do Estado, Jo\u00e3o Azevedo, se disse preparado para governar a Para\u00edba, durante evento de lan\u00e7amento da sua pr\u00e9-candidato,&hellip; <\/p>\n","protected":false},"author":2,"featured_media":34955,"comment_status":"closed","ping_status":"closed","sticky":false,"template":"","format":"standard","meta":{"sfsi_plus_gutenberg_text_before_share":"","sfsi_plus_gutenberg_show_text_before_share":"","sfsi_plus_gutenberg_icon_type":"","sfsi_plus_gutenberg_icon_alignemt":"","sfsi_plus_gutenburg_max_per_row":"","footnotes":""},"categories":[2],"tags":[],"class_list":["post-46596","post","type-post","status-publish","format-standard","has-post-thumbnail","hentry","category-geral"],"_links":{"self":[{"href":"https:\/\/www.caririemacao.com\/1\/wp-json\/wp\/v2\/posts\/46596","targetHints":{"allow":["GET"]}}],"collection":[{"href":"https:\/\/www.caririemacao.com\/1\/wp-json\/wp\/v2\/posts"}],"about":[{"href":"https:\/\/www.caririemacao.com\/1\/wp-json\/wp\/v2\/types\/post"}],"author":[{"embeddable":true,"href":"https:\/\/www.caririemacao.com\/1\/wp-json\/wp\/v2\/users\/2"}],"replies":[{"embeddable":true,"href":"https:\/\/www.caririemacao.com\/1\/wp-json\/wp\/v2\/comments?post=46596"}],"version-history":[{"count":0,"href":"https:\/\/www.caririemacao.com\/1\/wp-json\/wp\/v2\/posts\/46596\/revisions"}],"wp:featuredmedia":[{"embeddable":true,"href":"https:\/\/www.caririemacao.com\/1\/wp-json\/wp\/v2\/media\/34955"}],"wp:attachment":[{"href":"https:\/\/www.caririemacao.com\/1\/wp-json\/wp\/v2\/media?parent=46596"}],"wp:term":[{"taxonomy":"category","embeddable":true,"href":"https:\/\/www.caririemacao.com\/1\/wp-json\/wp\/v2\/categories?post=46596"},{"taxonomy":"post_tag","embeddable":true,"href":"https:\/\/www.caririemacao.com\/1\/wp-json\/wp\/v2\/tags?post=46596"}],"curies":[{"name":"wp","href":"https:\/\/api.w.org\/{rel}","templated":true}]}}