{"id":46598,"date":"2018-04-05T19:45:11","date_gmt":"2018-04-05T22:45:11","guid":{"rendered":"http:\/\/caririemacao.com\/1\/?p=46598"},"modified":"2018-04-05T19:45:11","modified_gmt":"2018-04-05T22:45:11","slug":"psb-ira-esperar-o-dia-7-para-avaliar-quadro-por-novas-aliancas-diz-waldson-souza","status":"publish","type":"post","link":"https:\/\/www.caririemacao.com\/1\/2018\/04\/05\/psb-ira-esperar-o-dia-7-para-avaliar-quadro-por-novas-aliancas-diz-waldson-souza\/","title":{"rendered":"PSB ir\u00e1 esperar o dia 7 para avaliar quadro por novas alian\u00e7as, diz Waldson Souza"},"content":{"rendered":"<p>O secret\u00e1rio de Planejamento, Or\u00e7amento e Gest\u00e3o da Para\u00edba, Waldson Souza, declarou que o PSB ir\u00e1 esperar o fechamento do per\u00edodo de desincompatibiliza\u00e7\u00e3o, no s\u00e1bado (7), para definir os pr\u00f3ximos partidos \u2018alvos\u2019 para compor com os girass\u00f3is nas elei\u00e7\u00f5es deste ano.<\/p>\n<p>Waldson, que n\u00e3o deve ser candidato nas elei\u00e7\u00f5es deste ano, apontou que a prioridade no momento \u00e9 o fortalecimento da chapa proporcional e o fortalecimento nacional do partido.<\/p>\n<p>O secret\u00e1rio, bra\u00e7o forte da gest\u00e3o Ricardo, ainda comentou sobre a poss\u00edvel sa\u00edda do chefe do executivo do cargo, que pode ser anunciada nesta sexta-feira. De acordo com o secret\u00e1rio, cabe apenas a Ricardo definir o seu rumo;<\/p>\n<p>\u201cO an\u00fancio \u00e9 pr\u00f3prio do governador, ele deve ainda chamar reuni\u00e3o ap\u00f3s \u00a0a tomada de decis\u00e3o, ningu\u00e9m est\u00e1 autorizado a falar\u201d, disse.<\/p>\n<p><strong>CARIRI EM A\u00c7\u00c3O<\/strong><\/p>\n<p><em>Com Wscom<\/em><em>\/Foto: Wscom<\/em><\/p>\n<p><em>L<\/em><strong>eia mais not\u00edcias em\u00a0<a href=\"http:\/\/www.caririemacao.com\/\">caririemacao.com<\/a>, siga nossa p\u00e1gina no\u00a0<a href=\"https:\/\/www.facebook.com\/CaririEmAcao\/?ref=aymt_homepage_panel\">Facebook<\/a>,\u00a0<a href=\"https:\/\/www.instagram.com\/cariri_em_acao\/?hl=pt-br\">Instagram<\/a>\u00a0e\u00a0<a href=\"https:\/\/www.youtube.com\/channel\/UCAptA0jQuYQy8vMhLt2m4qg\">Youtube<\/a>\u00a0e veja nossas mat\u00e9rias, v\u00eddeos e fotos. Voc\u00ea tamb\u00e9m pode enviar informa\u00e7\u00f5es \u00e0 Reda\u00e7\u00e3o do Portal Cariri em A\u00e7\u00e3o pelo WhatsApp (83) 9 9634.5791, (83) 9 9601-1162.<\/strong><\/p>\n","protected":false},"excerpt":{"rendered":"<p>O secret\u00e1rio de Planejamento, Or\u00e7amento e Gest\u00e3o da Para\u00edba, Waldson Souza, declarou que o PSB ir\u00e1 esperar o fechamento do per\u00edodo de desincompatibiliza\u00e7\u00e3o, no s\u00e1bado&hellip; <\/p>\n","protected":false},"author":2,"featured_media":46599,"comment_status":"closed","ping_status":"closed","sticky":false,"template":"","format":"standard","meta":{"sfsi_plus_gutenberg_text_before_share":"","sfsi_plus_gutenberg_show_text_before_share":"","sfsi_plus_gutenberg_icon_type":"","sfsi_plus_gutenberg_icon_alignemt":"","sfsi_plus_gutenburg_max_per_row":"","footnotes":""},"categories":[2],"tags":[],"class_list":["post-46598","post","type-post","status-publish","format-standard","has-post-thumbnail","hentry","category-geral"],"_links":{"self":[{"href":"https:\/\/www.caririemacao.com\/1\/wp-json\/wp\/v2\/posts\/46598","targetHints":{"allow":["GET"]}}],"collection":[{"href":"https:\/\/www.caririemacao.com\/1\/wp-json\/wp\/v2\/posts"}],"about":[{"href":"https:\/\/www.caririemacao.com\/1\/wp-json\/wp\/v2\/types\/post"}],"author":[{"embeddable":true,"href":"https:\/\/www.caririemacao.com\/1\/wp-json\/wp\/v2\/users\/2"}],"replies":[{"embeddable":true,"href":"https:\/\/www.caririemacao.com\/1\/wp-json\/wp\/v2\/comments?post=46598"}],"version-history":[{"count":0,"href":"https:\/\/www.caririemacao.com\/1\/wp-json\/wp\/v2\/posts\/46598\/revisions"}],"wp:featuredmedia":[{"embeddable":true,"href":"https:\/\/www.caririemacao.com\/1\/wp-json\/wp\/v2\/media\/46599"}],"wp:attachment":[{"href":"https:\/\/www.caririemacao.com\/1\/wp-json\/wp\/v2\/media?parent=46598"}],"wp:term":[{"taxonomy":"category","embeddable":true,"href":"https:\/\/www.caririemacao.com\/1\/wp-json\/wp\/v2\/categories?post=46598"},{"taxonomy":"post_tag","embeddable":true,"href":"https:\/\/www.caririemacao.com\/1\/wp-json\/wp\/v2\/tags?post=46598"}],"curies":[{"name":"wp","href":"https:\/\/api.w.org\/{rel}","templated":true}]}}