{"id":46603,"date":"2018-04-05T19:50:47","date_gmt":"2018-04-05T22:50:47","guid":{"rendered":"http:\/\/caririemacao.com\/1\/?p=46603"},"modified":"2018-04-05T19:50:47","modified_gmt":"2018-04-05T22:50:47","slug":"lula-ficara-preso-em-cela-especial-na-policia-federal","status":"publish","type":"post","link":"https:\/\/www.caririemacao.com\/1\/2018\/04\/05\/lula-ficara-preso-em-cela-especial-na-policia-federal\/","title":{"rendered":"Lula ficar\u00e1 preso em cela especial na Pol\u00edcia Federal"},"content":{"rendered":"<p>O juiz S\u00e9rgio Moro, da 13\u00aa Vara da Justi\u00e7a Federal em Curitiba, determinou que o ex-presidente Lula (PT) fique detido em uma cela reservada na sede da Pol\u00edcia Federal separado dos demais apenados.<\/p>\n<p>\u201cEsclare\u00e7a-se que, em raz\u00e3o da dignidade do cargo ocupado, foi previamente preparada uma sala reservada, esp\u00e9cie de Sala de Estado Maior, na pr\u00f3pria Superintend\u00eancia da Pol\u00edcia Federal, para o in\u00edcio do cumprimento da pena, e na qual o ex-Presidente ficar\u00e1 separado dos demais presos, sem qualquer risco para a integridade moral ou f\u00edsica\u201d, disse Moro no despacho.<\/p>\n<p>Lula foi condenado a 12 anos de pris\u00e3o por corrup\u00e7\u00e3o passiva e lavagem de dinheiro no caso do triplex do Guaruj\u00e1.<\/p>\n<p><strong>CARIRI EM A\u00c7\u00c3O<\/strong><\/p>\n<p><em>Com Mais PB<\/em><em>\/Foto: Reprodu\u00e7\u00e3o google<\/em><\/p>\n<p><em>L<\/em><strong>eia mais not\u00edcias em\u00a0<a href=\"http:\/\/www.caririemacao.com\/\">caririemacao.com<\/a>, siga nossa p\u00e1gina no\u00a0<a href=\"https:\/\/www.facebook.com\/CaririEmAcao\/?ref=aymt_homepage_panel\">Facebook<\/a>,\u00a0<a href=\"https:\/\/www.instagram.com\/cariri_em_acao\/?hl=pt-br\">Instagram<\/a>\u00a0e\u00a0<a href=\"https:\/\/www.youtube.com\/channel\/UCAptA0jQuYQy8vMhLt2m4qg\">Youtube<\/a>\u00a0e veja nossas mat\u00e9rias, v\u00eddeos e fotos. Voc\u00ea tamb\u00e9m pode enviar informa\u00e7\u00f5es \u00e0 Reda\u00e7\u00e3o do Portal Cariri em A\u00e7\u00e3o pelo WhatsApp (83) 9 9634.5791, (83) 9 9601-1162.<\/strong><\/p>\n","protected":false},"excerpt":{"rendered":"<p>O juiz S\u00e9rgio Moro, da 13\u00aa Vara da Justi\u00e7a Federal em Curitiba, determinou que o ex-presidente Lula (PT) fique detido em uma cela reservada na&hellip; <\/p>\n","protected":false},"author":2,"featured_media":45002,"comment_status":"closed","ping_status":"closed","sticky":false,"template":"","format":"standard","meta":{"sfsi_plus_gutenberg_text_before_share":"","sfsi_plus_gutenberg_show_text_before_share":"","sfsi_plus_gutenberg_icon_type":"","sfsi_plus_gutenberg_icon_alignemt":"","sfsi_plus_gutenburg_max_per_row":"","footnotes":""},"categories":[2],"tags":[],"class_list":["post-46603","post","type-post","status-publish","format-standard","has-post-thumbnail","hentry","category-geral"],"_links":{"self":[{"href":"https:\/\/www.caririemacao.com\/1\/wp-json\/wp\/v2\/posts\/46603","targetHints":{"allow":["GET"]}}],"collection":[{"href":"https:\/\/www.caririemacao.com\/1\/wp-json\/wp\/v2\/posts"}],"about":[{"href":"https:\/\/www.caririemacao.com\/1\/wp-json\/wp\/v2\/types\/post"}],"author":[{"embeddable":true,"href":"https:\/\/www.caririemacao.com\/1\/wp-json\/wp\/v2\/users\/2"}],"replies":[{"embeddable":true,"href":"https:\/\/www.caririemacao.com\/1\/wp-json\/wp\/v2\/comments?post=46603"}],"version-history":[{"count":0,"href":"https:\/\/www.caririemacao.com\/1\/wp-json\/wp\/v2\/posts\/46603\/revisions"}],"wp:featuredmedia":[{"embeddable":true,"href":"https:\/\/www.caririemacao.com\/1\/wp-json\/wp\/v2\/media\/45002"}],"wp:attachment":[{"href":"https:\/\/www.caririemacao.com\/1\/wp-json\/wp\/v2\/media?parent=46603"}],"wp:term":[{"taxonomy":"category","embeddable":true,"href":"https:\/\/www.caririemacao.com\/1\/wp-json\/wp\/v2\/categories?post=46603"},{"taxonomy":"post_tag","embeddable":true,"href":"https:\/\/www.caririemacao.com\/1\/wp-json\/wp\/v2\/tags?post=46603"}],"curies":[{"name":"wp","href":"https:\/\/api.w.org\/{rel}","templated":true}]}}