{"id":46608,"date":"2018-04-05T20:07:56","date_gmt":"2018-04-05T23:07:56","guid":{"rendered":"http:\/\/caririemacao.com\/1\/?p=46608"},"modified":"2018-04-05T20:07:56","modified_gmt":"2018-04-05T23:07:56","slug":"cida-ramos-celebra-candidatura-de-joao-azevedo-e-afirma-que-ricardo-fica-no-governo","status":"publish","type":"post","link":"https:\/\/www.caririemacao.com\/1\/2018\/04\/05\/cida-ramos-celebra-candidatura-de-joao-azevedo-e-afirma-que-ricardo-fica-no-governo\/","title":{"rendered":"Cida Ramos celebra candidatura de Jo\u00e3o Azevedo e afirma que Ricardo fica no governo"},"content":{"rendered":"<p>A ex-secret\u00e1ria de Desenvolvimento Humano, Cida Ramos, declarou na noite desta quinta-feira (5) na conven\u00e7\u00e3o do PSB que a vit\u00f3ria de Jo\u00e3o Azevedo iria derrotar as for\u00e7as reacion\u00e1rias que &#8220;querem retomar o Governo para governar para pequenos c\u00edrculos&#8221;.<\/p>\n<p>A ex-secret\u00e1ria tamb\u00e9m opinou sobre a sa\u00edda de Ricardo Coutinho para concorrer ao senado federal.<\/p>\n<p>&#8220;Jo\u00e3o Azevedo, pela terceira vez, vamos derrotar as for\u00e7as reacion\u00e1rias que querem retomar o Governo pra governar para pequenos c\u00edrculos. A Para\u00edba conhece essas pessoas e a Para\u00edba fez a op\u00e7\u00e3o pelo projeto de Ricardo. Jo\u00e3o ser\u00e1 vitorioso, Jo\u00e3o \u00e9 nosso porta-voz, \u00e9 nosso int\u00e9rprete. \u00c9 com ele que n\u00f3s vamos e ele vai dar uma surra no candidato de oposi\u00e7\u00e3o. \u00c0 vit\u00f3ria!&#8221;<\/p>\n<p><strong>Ricardo no Senado<\/strong><\/p>\n<p>Em resposta ao ClickPB quando perguntada se Ricardo Coutinho deve concorrer ao senado, Cida Ramos disse que &#8220;Ricardo \u00e9 um quadro nacional. \u00c9 um quadro que iria engrandecer o senado. Mas a minha opini\u00e3o \u00e9 que ele fica.&#8221;<\/p>\n<p><strong>CARIRI EM A\u00c7\u00c3O<\/strong><\/p>\n<p><em>Com Clik PB<\/em><em>\/Foto:\u00a0Clik PB<\/em><\/p>\n<p><em>L<\/em><strong>eia mais not\u00edcias em\u00a0<a href=\"http:\/\/www.caririemacao.com\/\">caririemacao.com<\/a>, siga nossa p\u00e1gina no\u00a0<a href=\"https:\/\/www.facebook.com\/CaririEmAcao\/?ref=aymt_homepage_panel\">Facebook<\/a>,\u00a0<a href=\"https:\/\/www.instagram.com\/cariri_em_acao\/?hl=pt-br\">Instagram<\/a>\u00a0e\u00a0<a href=\"https:\/\/www.youtube.com\/channel\/UCAptA0jQuYQy8vMhLt2m4qg\">Youtube<\/a>\u00a0e veja nossas mat\u00e9rias, v\u00eddeos e fotos. Voc\u00ea tamb\u00e9m pode enviar informa\u00e7\u00f5es \u00e0 Reda\u00e7\u00e3o do Portal Cariri em A\u00e7\u00e3o pelo WhatsApp (83) 9 9634.5791, (83) 9 9601-1162.<\/strong><\/p>\n","protected":false},"excerpt":{"rendered":"<p>A ex-secret\u00e1ria de Desenvolvimento Humano, Cida Ramos, declarou na noite desta quinta-feira (5) na conven\u00e7\u00e3o do PSB que a vit\u00f3ria de Jo\u00e3o Azevedo iria derrotar&hellip; <\/p>\n","protected":false},"author":2,"featured_media":46609,"comment_status":"closed","ping_status":"closed","sticky":false,"template":"","format":"standard","meta":{"sfsi_plus_gutenberg_text_before_share":"","sfsi_plus_gutenberg_show_text_before_share":"","sfsi_plus_gutenberg_icon_type":"","sfsi_plus_gutenberg_icon_alignemt":"","sfsi_plus_gutenburg_max_per_row":"","footnotes":""},"categories":[1],"tags":[],"class_list":["post-46608","post","type-post","status-publish","format-standard","has-post-thumbnail","hentry","category-o-site"],"_links":{"self":[{"href":"https:\/\/www.caririemacao.com\/1\/wp-json\/wp\/v2\/posts\/46608","targetHints":{"allow":["GET"]}}],"collection":[{"href":"https:\/\/www.caririemacao.com\/1\/wp-json\/wp\/v2\/posts"}],"about":[{"href":"https:\/\/www.caririemacao.com\/1\/wp-json\/wp\/v2\/types\/post"}],"author":[{"embeddable":true,"href":"https:\/\/www.caririemacao.com\/1\/wp-json\/wp\/v2\/users\/2"}],"replies":[{"embeddable":true,"href":"https:\/\/www.caririemacao.com\/1\/wp-json\/wp\/v2\/comments?post=46608"}],"version-history":[{"count":0,"href":"https:\/\/www.caririemacao.com\/1\/wp-json\/wp\/v2\/posts\/46608\/revisions"}],"wp:featuredmedia":[{"embeddable":true,"href":"https:\/\/www.caririemacao.com\/1\/wp-json\/wp\/v2\/media\/46609"}],"wp:attachment":[{"href":"https:\/\/www.caririemacao.com\/1\/wp-json\/wp\/v2\/media?parent=46608"}],"wp:term":[{"taxonomy":"category","embeddable":true,"href":"https:\/\/www.caririemacao.com\/1\/wp-json\/wp\/v2\/categories?post=46608"},{"taxonomy":"post_tag","embeddable":true,"href":"https:\/\/www.caririemacao.com\/1\/wp-json\/wp\/v2\/tags?post=46608"}],"curies":[{"name":"wp","href":"https:\/\/api.w.org\/{rel}","templated":true}]}}