{"id":46614,"date":"2018-04-05T21:26:26","date_gmt":"2018-04-06T00:26:26","guid":{"rendered":"http:\/\/caririemacao.com\/1\/?p=46614"},"modified":"2018-04-05T21:26:26","modified_gmt":"2018-04-06T00:26:26","slug":"ricardo-anuncia-veneziano-como-candidato-ao-senado-e-da-indicios-de-que-fica-no-governo","status":"publish","type":"post","link":"https:\/\/www.caririemacao.com\/1\/2018\/04\/05\/ricardo-anuncia-veneziano-como-candidato-ao-senado-e-da-indicios-de-que-fica-no-governo\/","title":{"rendered":"Ricardo anuncia Veneziano como candidato ao Senado e d\u00e1 ind\u00edcios de que fica no Governo"},"content":{"rendered":"<p>O governador Ricardo Coutinho anunciou, na noite desta quinta-feira (5), durante evento de lan\u00e7amento da pr\u00e9-candidatura de Jo\u00e3o Azevedo ao Governo, que o deputado federal Veneziano Vital ser\u00e1 candidato ao Senado Federal pela chapa do PSB.<\/p>\n<p>Ricardo ainda disse que Ven\u00e9 seria o encarregado de derrotar C\u00e1ssio Cunha Lima no pleito deste ano. Vital do R\u00eago deve se filiar ao PSB.<\/p>\n<p>O an\u00fancio de Ricardo fortalece os ind\u00edcios de que o governador permanece no Governo do Estado at\u00e9 o fim do seu mandato.<\/p>\n<p><strong>CARIRI EM A\u00c7\u00c3O<\/strong><\/p>\n<p><em>Com Wscom<\/em><em>\/Foto: Reprodu\u00e7\u00e3o google<\/em><\/p>\n<p><em>L<\/em><strong>eia mais not\u00edcias em\u00a0<a href=\"http:\/\/www.caririemacao.com\/\">caririemacao.com<\/a>, siga nossa p\u00e1gina no\u00a0<a href=\"https:\/\/www.facebook.com\/CaririEmAcao\/?ref=aymt_homepage_panel\">Facebook<\/a>,\u00a0<a href=\"https:\/\/www.instagram.com\/cariri_em_acao\/?hl=pt-br\">Instagram<\/a>\u00a0e\u00a0<a href=\"https:\/\/www.youtube.com\/channel\/UCAptA0jQuYQy8vMhLt2m4qg\">Youtube<\/a>\u00a0e veja nossas mat\u00e9rias, v\u00eddeos e fotos. Voc\u00ea tamb\u00e9m pode enviar informa\u00e7\u00f5es \u00e0 Reda\u00e7\u00e3o do Portal Cariri em A\u00e7\u00e3o pelo WhatsApp (83) 9 9634.5791, (83) 9 9601-1162.<\/strong><\/p>\n","protected":false},"excerpt":{"rendered":"<p>O governador Ricardo Coutinho anunciou, na noite desta quinta-feira (5), durante evento de lan\u00e7amento da pr\u00e9-candidatura de Jo\u00e3o Azevedo ao Governo, que o deputado federal&hellip; <\/p>\n","protected":false},"author":2,"featured_media":46615,"comment_status":"closed","ping_status":"closed","sticky":false,"template":"","format":"standard","meta":{"sfsi_plus_gutenberg_text_before_share":"","sfsi_plus_gutenberg_show_text_before_share":"","sfsi_plus_gutenberg_icon_type":"","sfsi_plus_gutenberg_icon_alignemt":"","sfsi_plus_gutenburg_max_per_row":"","footnotes":""},"categories":[11],"tags":[],"class_list":["post-46614","post","type-post","status-publish","format-standard","has-post-thumbnail","hentry","category-politica"],"_links":{"self":[{"href":"https:\/\/www.caririemacao.com\/1\/wp-json\/wp\/v2\/posts\/46614","targetHints":{"allow":["GET"]}}],"collection":[{"href":"https:\/\/www.caririemacao.com\/1\/wp-json\/wp\/v2\/posts"}],"about":[{"href":"https:\/\/www.caririemacao.com\/1\/wp-json\/wp\/v2\/types\/post"}],"author":[{"embeddable":true,"href":"https:\/\/www.caririemacao.com\/1\/wp-json\/wp\/v2\/users\/2"}],"replies":[{"embeddable":true,"href":"https:\/\/www.caririemacao.com\/1\/wp-json\/wp\/v2\/comments?post=46614"}],"version-history":[{"count":0,"href":"https:\/\/www.caririemacao.com\/1\/wp-json\/wp\/v2\/posts\/46614\/revisions"}],"wp:featuredmedia":[{"embeddable":true,"href":"https:\/\/www.caririemacao.com\/1\/wp-json\/wp\/v2\/media\/46615"}],"wp:attachment":[{"href":"https:\/\/www.caririemacao.com\/1\/wp-json\/wp\/v2\/media?parent=46614"}],"wp:term":[{"taxonomy":"category","embeddable":true,"href":"https:\/\/www.caririemacao.com\/1\/wp-json\/wp\/v2\/categories?post=46614"},{"taxonomy":"post_tag","embeddable":true,"href":"https:\/\/www.caririemacao.com\/1\/wp-json\/wp\/v2\/tags?post=46614"}],"curies":[{"name":"wp","href":"https:\/\/api.w.org\/{rel}","templated":true}]}}