{"id":46620,"date":"2018-04-05T22:17:45","date_gmt":"2018-04-06T01:17:45","guid":{"rendered":"http:\/\/caririemacao.com\/1\/?p=46620"},"modified":"2018-04-05T22:17:45","modified_gmt":"2018-04-06T01:17:45","slug":"ricardo-detona-cassio-tem-que-ser-derrotado-para-o-bem-da-politica","status":"publish","type":"post","link":"https:\/\/www.caririemacao.com\/1\/2018\/04\/05\/ricardo-detona-cassio-tem-que-ser-derrotado-para-o-bem-da-politica\/","title":{"rendered":"Ricardo detona C\u00e1ssio: \u201cTem que ser derrotado para o bem da pol\u00edtica\u201d"},"content":{"rendered":"<p>O governador Ricardo Coutinho n\u00e3o teve papas na l\u00edngua ao se referir ao senador C\u00e1ssio Cunha Lima durante discurso em evento do PSB, na noite desta quinta-feira (5), em Jo\u00e3o Pessoa.<\/p>\n<p>Coutinho disse que C\u00e1ssio deve ser derrotado \u2018pelo bem da pol\u00edtica\u2019, pois conspirou contra a Para\u00edba. Ele ainda atribuiu tal tarefa a Veneziano Vital do R\u00eago.<\/p>\n<p>\u201cTem um senador que tem que ser derrotado para o bem da pol\u00edtica, do povo, para que a pol\u00edtica expresse o que existe de melhor em sonho em transforma\u00e7\u00f5es, se Ven\u00e9 quiser vai ser ele que vai derrotar esse senador, para que eles aprendam que politica n\u00e3o pode ser feita a base de conspira\u00e7\u00f5es, do quanto pior melhor. Durante todos esses anos, esse cidad\u00e3o tentou derrotar o povo da Para\u00edba, e agora em outubro vai se encontrar com o povo e vai se encontrar conosco, firmes e fortes, para que o povo decida o caminho que deve seguir\u201d, disse.<\/p>\n<p><strong>CARIRI EM A\u00c7\u00c3O<\/strong><\/p>\n<p><em>Com Wscom<\/em><em>\/Foto: Reprodu\u00e7\u00e3o google<\/em><\/p>\n<p><em>L<\/em><strong>eia mais not\u00edcias em\u00a0<a href=\"http:\/\/www.caririemacao.com\/\">caririemacao.com<\/a>, siga nossa p\u00e1gina no\u00a0<a href=\"https:\/\/www.facebook.com\/CaririEmAcao\/?ref=aymt_homepage_panel\">Facebook<\/a>,\u00a0<a href=\"https:\/\/www.instagram.com\/cariri_em_acao\/?hl=pt-br\">Instagram<\/a>\u00a0e\u00a0<a href=\"https:\/\/www.youtube.com\/channel\/UCAptA0jQuYQy8vMhLt2m4qg\">Youtube<\/a>\u00a0e veja nossas mat\u00e9rias, v\u00eddeos e fotos. Voc\u00ea tamb\u00e9m pode enviar informa\u00e7\u00f5es \u00e0 Reda\u00e7\u00e3o do Portal Cariri em A\u00e7\u00e3o pelo WhatsApp (83) 9 9634.5791, (83) 9 9601-1162.<\/strong><\/p>\n","protected":false},"excerpt":{"rendered":"<p>O governador Ricardo Coutinho n\u00e3o teve papas na l\u00edngua ao se referir ao senador C\u00e1ssio Cunha Lima durante discurso em evento do PSB, na noite&hellip; <\/p>\n","protected":false},"author":2,"featured_media":38867,"comment_status":"closed","ping_status":"closed","sticky":false,"template":"","format":"standard","meta":{"sfsi_plus_gutenberg_text_before_share":"","sfsi_plus_gutenberg_show_text_before_share":"","sfsi_plus_gutenberg_icon_type":"","sfsi_plus_gutenberg_icon_alignemt":"","sfsi_plus_gutenburg_max_per_row":"","footnotes":""},"categories":[2],"tags":[],"class_list":["post-46620","post","type-post","status-publish","format-standard","has-post-thumbnail","hentry","category-geral"],"_links":{"self":[{"href":"https:\/\/www.caririemacao.com\/1\/wp-json\/wp\/v2\/posts\/46620","targetHints":{"allow":["GET"]}}],"collection":[{"href":"https:\/\/www.caririemacao.com\/1\/wp-json\/wp\/v2\/posts"}],"about":[{"href":"https:\/\/www.caririemacao.com\/1\/wp-json\/wp\/v2\/types\/post"}],"author":[{"embeddable":true,"href":"https:\/\/www.caririemacao.com\/1\/wp-json\/wp\/v2\/users\/2"}],"replies":[{"embeddable":true,"href":"https:\/\/www.caririemacao.com\/1\/wp-json\/wp\/v2\/comments?post=46620"}],"version-history":[{"count":0,"href":"https:\/\/www.caririemacao.com\/1\/wp-json\/wp\/v2\/posts\/46620\/revisions"}],"wp:featuredmedia":[{"embeddable":true,"href":"https:\/\/www.caririemacao.com\/1\/wp-json\/wp\/v2\/media\/38867"}],"wp:attachment":[{"href":"https:\/\/www.caririemacao.com\/1\/wp-json\/wp\/v2\/media?parent=46620"}],"wp:term":[{"taxonomy":"category","embeddable":true,"href":"https:\/\/www.caririemacao.com\/1\/wp-json\/wp\/v2\/categories?post=46620"},{"taxonomy":"post_tag","embeddable":true,"href":"https:\/\/www.caririemacao.com\/1\/wp-json\/wp\/v2\/tags?post=46620"}],"curies":[{"name":"wp","href":"https:\/\/api.w.org\/{rel}","templated":true}]}}