{"id":46622,"date":"2018-04-05T22:21:55","date_gmt":"2018-04-06T01:21:55","guid":{"rendered":"http:\/\/caririemacao.com\/1\/?p=46622"},"modified":"2018-04-05T22:27:23","modified_gmt":"2018-04-06T01:27:23","slug":"ricardo-deixa-anuncio-de-decisao-sobre-saida-do-governo-para-esta-sexta","status":"publish","type":"post","link":"https:\/\/www.caririemacao.com\/1\/2018\/04\/05\/ricardo-deixa-anuncio-de-decisao-sobre-saida-do-governo-para-esta-sexta\/","title":{"rendered":"Ricardo deixa an\u00fancio de decis\u00e3o sobre sa\u00edda do Governo para esta sexta"},"content":{"rendered":"<p>O governador Ricardo Coutinho (PSB) deixou para esta sexta-feira (06) o an\u00fancio da decis\u00e3o sobre seu futuro pol\u00edtico. Uma coletiva de imprensa foi convocada para \u00e0s 10h na sede do Clube Cabo Branco, mesmo local onde ocorreu o evento. No convite, a assessoria do gestor informa que ele trar\u00e1 um an\u00fancio \u00e0 popula\u00e7\u00e3o.<\/p>\n<p>\u201cFa\u00e7o pol\u00edcia h\u00e1 muito tempo, sinceramente n\u00e3o estou for\u00e7ando a barra, n\u00e3o tenho problema para pensar desta forma. Nenhum interesse pessoal pode se sair a uma causa coletiva, eu vou ainda conversar com muita gente, minha fam\u00edlia, n\u00e3o tive tempo devido as inaugura\u00e7\u00f5es. O meu caminho ser\u00e1 sempre o caminho que fortale\u00e7a a unidade popular\u201d, disse.<\/p>\n<p>Durante o encontro do PSB, Ricardo aproveitou para fazer cr\u00edticas \u00e0 oposi\u00e7\u00e3o e afirmou que os pr\u00e9-candidatos do bloco desistiram de disputar ao Governo do Estado, \u2018temendo\u2019 a candidatura socialista.<\/p>\n<p>Em entrevista ao programa R\u00e1dio Verdade, nessa quarta-feira (04), Ricardo chegou a informar que o term\u00f4metro do evento do PSB, iria servir como par\u00e2metro para sua defini\u00e7\u00e3o.<\/p>\n<p><strong>CARIRI EM A\u00c7\u00c3O<\/strong><\/p>\n<p><em>Com MaisPB<\/em><em>\/Foto: Mais PB<\/em><\/p>\n<p><em>L<\/em><strong>eia mais not\u00edcias em\u00a0<a href=\"http:\/\/www.caririemacao.com\/\">caririemacao.com<\/a>, siga nossa p\u00e1gina no\u00a0<a href=\"https:\/\/www.facebook.com\/CaririEmAcao\/?ref=aymt_homepage_panel\">Facebook<\/a>,\u00a0<a href=\"https:\/\/www.instagram.com\/cariri_em_acao\/?hl=pt-br\">Instagram<\/a>\u00a0e\u00a0<a href=\"https:\/\/www.youtube.com\/channel\/UCAptA0jQuYQy8vMhLt2m4qg\">Youtube<\/a>\u00a0e veja nossas mat\u00e9rias, v\u00eddeos e fotos. Voc\u00ea tamb\u00e9m pode enviar informa\u00e7\u00f5es \u00e0 Reda\u00e7\u00e3o do Portal Cariri em A\u00e7\u00e3o pelo WhatsApp (83) 9 9634.5791, (83) 9 9601-1162.<\/strong><\/p>\n","protected":false},"excerpt":{"rendered":"<p>O governador Ricardo Coutinho (PSB) deixou para esta sexta-feira (06) o an\u00fancio da decis\u00e3o sobre seu futuro pol\u00edtico. Uma coletiva de imprensa foi convocada para&hellip; <\/p>\n","protected":false},"author":2,"featured_media":46623,"comment_status":"closed","ping_status":"closed","sticky":false,"template":"","format":"standard","meta":{"sfsi_plus_gutenberg_text_before_share":"","sfsi_plus_gutenberg_show_text_before_share":"","sfsi_plus_gutenberg_icon_type":"","sfsi_plus_gutenberg_icon_alignemt":"","sfsi_plus_gutenburg_max_per_row":"","footnotes":""},"categories":[2],"tags":[],"class_list":["post-46622","post","type-post","status-publish","format-standard","has-post-thumbnail","hentry","category-geral"],"_links":{"self":[{"href":"https:\/\/www.caririemacao.com\/1\/wp-json\/wp\/v2\/posts\/46622","targetHints":{"allow":["GET"]}}],"collection":[{"href":"https:\/\/www.caririemacao.com\/1\/wp-json\/wp\/v2\/posts"}],"about":[{"href":"https:\/\/www.caririemacao.com\/1\/wp-json\/wp\/v2\/types\/post"}],"author":[{"embeddable":true,"href":"https:\/\/www.caririemacao.com\/1\/wp-json\/wp\/v2\/users\/2"}],"replies":[{"embeddable":true,"href":"https:\/\/www.caririemacao.com\/1\/wp-json\/wp\/v2\/comments?post=46622"}],"version-history":[{"count":0,"href":"https:\/\/www.caririemacao.com\/1\/wp-json\/wp\/v2\/posts\/46622\/revisions"}],"wp:featuredmedia":[{"embeddable":true,"href":"https:\/\/www.caririemacao.com\/1\/wp-json\/wp\/v2\/media\/46623"}],"wp:attachment":[{"href":"https:\/\/www.caririemacao.com\/1\/wp-json\/wp\/v2\/media?parent=46622"}],"wp:term":[{"taxonomy":"category","embeddable":true,"href":"https:\/\/www.caririemacao.com\/1\/wp-json\/wp\/v2\/categories?post=46622"},{"taxonomy":"post_tag","embeddable":true,"href":"https:\/\/www.caririemacao.com\/1\/wp-json\/wp\/v2\/tags?post=46622"}],"curies":[{"name":"wp","href":"https:\/\/api.w.org\/{rel}","templated":true}]}}