{"id":46626,"date":"2018-04-05T22:30:07","date_gmt":"2018-04-06T01:30:07","guid":{"rendered":"http:\/\/caririemacao.com\/1\/?p=46626"},"modified":"2018-04-05T22:30:07","modified_gmt":"2018-04-06T01:30:07","slug":"proposta-da-base-curricular-do-ensino-medio-segue-para-consulta-publica","status":"publish","type":"post","link":"https:\/\/www.caririemacao.com\/1\/2018\/04\/05\/proposta-da-base-curricular-do-ensino-medio-segue-para-consulta-publica\/","title":{"rendered":"Proposta da base curricular do ensino m\u00e9dio segue para consulta p\u00fablica"},"content":{"rendered":"<p>A proposta da Base Nacional Comum Curricular do Ensino M\u00e9dio, elaborada pelo Minist\u00e9rio da Educa\u00e7\u00e3o (MEC), foi entregue nessa ter\u00e7a-feira (3) para o Conselho Nacional de Educa\u00e7\u00e3o.<\/p>\n<p>O colegiado discutir\u00e1 o tema entre os conselheiros, com especialistas e com a popula\u00e7\u00e3o, por meio de consulta na internet e audi\u00eancias p\u00fablicas. Esta ser\u00e1 a \u00faltima etapa antes que o documento seja aprovado.<\/p>\n<p>Um resumo da base foi apresentado pelo MEC. O ensino m\u00e9dio brasileiro passa de 2,4 mil horas para 3 mil horas obrigat\u00f3rias, com cinco horas di\u00e1rias.<\/p>\n<p>Mil e oitocentas horas ser\u00e3o destinadas \u00e0 base nacional comum, que \u00e9 dividida em quatro \u00e1reas de conhecimento: linguagem, matem\u00e1tica, ci\u00eancias da natureza e ci\u00eancias humanas.<\/p>\n<p>As \u00fanicas disciplinas obrigat\u00f3rias nos tr\u00eas anos do ensino m\u00e9dio s\u00e3o portugu\u00eas e matem\u00e1tica. Para as demais, os estados ter\u00e3o autonomia para decidir.<\/p>\n<p>N\u00e3o existe carga hor\u00e1ria m\u00ednima para cada umas das \u00e1reas, mas sim habilidades a serem trabalhadas.<\/p>\n<p>As 1,2 mil horas restantes ser\u00e3o usadas nos chamados itiner\u00e1rios de ensino, que s\u00e3o os conte\u00fados a serem escolhidos pelos estudantes, de acordo com a \u00e1rea de interesse.<\/p>\n<p>O ministro da Educa\u00e7\u00e3o, Mendon\u00e7a Filho, afirma que a autonomia dos estudantes e dos estados aumenta com o novo modelo.<\/p>\n<p>O presidente da comiss\u00e3o do Conselho Nacional de Educa\u00e7\u00e3o que analisar\u00e1 a proposta do governo federal, Ant\u00f4nio Callegari, disse que a vers\u00e3o do MEC n\u00e3o \u00e9 clara ao formular o conte\u00fado obrigat\u00f3rio porque as habilidades descritas s\u00e3o gen\u00e9ricas. Segundo ele, a proposta reduz direitos.<\/p>\n<p>Callegari disse que o desafio agora ser\u00e1 estabelecer, junto com os diferentes setores da sociedade, crit\u00e9rios para ampliar os direitos e fazer refer\u00eancias claras ao que deve ser trabalhado com profundidade no ensino m\u00e9dio.<\/p>\n<p>O calend\u00e1rio de audi\u00eancias p\u00fablicas n\u00e3o est\u00e1 definido pelo Conselho Nacional de Educa\u00e7\u00e3o. A expectativa do governo \u00e9 que a proposta seja aprovada ainda este ano.<\/p>\n<p>Est\u00e1 marcada para a pr\u00f3xima segunda-feira (9) uma reuni\u00e3o que deve montar o cronograma de atividades para discutir a Base Nacional Comum Curricular do Ensino M\u00e9dio.<\/p>\n<p><strong>CARIRI EM A\u00c7\u00c3O<\/strong><\/p>\n<p><em>Com EBC<\/em><em>\/Foto: Reprodu\u00e7\u00e3o google<\/em><\/p>\n<p><em>L<\/em><strong>eia mais not\u00edcias em\u00a0<a href=\"http:\/\/www.caririemacao.com\/\">caririemacao.com<\/a>, siga nossa p\u00e1gina no\u00a0<a href=\"https:\/\/www.facebook.com\/CaririEmAcao\/?ref=aymt_homepage_panel\">Facebook<\/a>,\u00a0<a href=\"https:\/\/www.instagram.com\/cariri_em_acao\/?hl=pt-br\">Instagram<\/a>\u00a0e\u00a0<a href=\"https:\/\/www.youtube.com\/channel\/UCAptA0jQuYQy8vMhLt2m4qg\">Youtube<\/a>\u00a0e veja nossas mat\u00e9rias, v\u00eddeos e fotos. Voc\u00ea tamb\u00e9m pode enviar informa\u00e7\u00f5es \u00e0 Reda\u00e7\u00e3o do Portal Cariri em A\u00e7\u00e3o pelo WhatsApp (83) 9 9634.5791, (83) 9 9601-1162.<\/strong><\/p>\n","protected":false},"excerpt":{"rendered":"<p>A proposta da Base Nacional Comum Curricular do Ensino M\u00e9dio, elaborada pelo Minist\u00e9rio da Educa\u00e7\u00e3o (MEC), foi entregue nessa ter\u00e7a-feira (3) para o Conselho Nacional&hellip; <\/p>\n","protected":false},"author":2,"featured_media":37373,"comment_status":"closed","ping_status":"closed","sticky":false,"template":"","format":"standard","meta":{"sfsi_plus_gutenberg_text_before_share":"","sfsi_plus_gutenberg_show_text_before_share":"","sfsi_plus_gutenberg_icon_type":"","sfsi_plus_gutenberg_icon_alignemt":"","sfsi_plus_gutenburg_max_per_row":"","footnotes":""},"categories":[14],"tags":[],"class_list":["post-46626","post","type-post","status-publish","format-standard","has-post-thumbnail","hentry","category-educacao"],"_links":{"self":[{"href":"https:\/\/www.caririemacao.com\/1\/wp-json\/wp\/v2\/posts\/46626","targetHints":{"allow":["GET"]}}],"collection":[{"href":"https:\/\/www.caririemacao.com\/1\/wp-json\/wp\/v2\/posts"}],"about":[{"href":"https:\/\/www.caririemacao.com\/1\/wp-json\/wp\/v2\/types\/post"}],"author":[{"embeddable":true,"href":"https:\/\/www.caririemacao.com\/1\/wp-json\/wp\/v2\/users\/2"}],"replies":[{"embeddable":true,"href":"https:\/\/www.caririemacao.com\/1\/wp-json\/wp\/v2\/comments?post=46626"}],"version-history":[{"count":0,"href":"https:\/\/www.caririemacao.com\/1\/wp-json\/wp\/v2\/posts\/46626\/revisions"}],"wp:featuredmedia":[{"embeddable":true,"href":"https:\/\/www.caririemacao.com\/1\/wp-json\/wp\/v2\/media\/37373"}],"wp:attachment":[{"href":"https:\/\/www.caririemacao.com\/1\/wp-json\/wp\/v2\/media?parent=46626"}],"wp:term":[{"taxonomy":"category","embeddable":true,"href":"https:\/\/www.caririemacao.com\/1\/wp-json\/wp\/v2\/categories?post=46626"},{"taxonomy":"post_tag","embeddable":true,"href":"https:\/\/www.caririemacao.com\/1\/wp-json\/wp\/v2\/tags?post=46626"}],"curies":[{"name":"wp","href":"https:\/\/api.w.org\/{rel}","templated":true}]}}