{"id":46628,"date":"2018-04-05T22:35:07","date_gmt":"2018-04-06T01:35:07","guid":{"rendered":"http:\/\/caririemacao.com\/1\/?p=46628"},"modified":"2018-04-05T22:38:03","modified_gmt":"2018-04-06T01:38:03","slug":"joao-azevedo-anuncia-200-obras-a-ser-entregues-ate-o-fim-do-ano-na-paraiba","status":"publish","type":"post","link":"https:\/\/www.caririemacao.com\/1\/2018\/04\/05\/joao-azevedo-anuncia-200-obras-a-ser-entregues-ate-o-fim-do-ano-na-paraiba\/","title":{"rendered":"Jo\u00e3o Azevedo anuncia 200 obras a ser entregues at\u00e9 o fim do ano na Para\u00edba"},"content":{"rendered":"<p>O ex-secret\u00e1rio Jo\u00e3o Azevedo anunciou que at\u00e9 o final do ano 200 obras ser\u00e3o entregues. A declara\u00e7\u00e3o aconteceu durante sua fala no Encontro Estadual do PSB nesta quinta-feira (05). O &#8216;acervo&#8217; de obras \u00e9 fruto do trabalho do governo, que ele deixa a partir de hoje.\u00a0Pr\u00e9-candidato a governador, Jo\u00e3o se coloca a partir de agora \u00e0 disposi\u00e7\u00e3o para concorrer ao pleito de outubro.<\/p>\n<p>&#8220;A Para\u00edba tem que continuar avan\u00e7ando e esse Governo tem demonstrado claramente que jamais vai se acomodar. N\u00e3o vai se acomodar enquanto voc\u00ea tiver cidades que precisa de seguran\u00e7a h\u00eddrica, enquanto tiver escolas que n\u00e3o tenham o ensino integral, a sa\u00fade devidamente regulada para todos os munic\u00edpios e atendendo a todos os munic\u00edpios, n\u00e3o vai se acomodar de forma nenhuma enquanto n\u00f3s tivermos nossos irm\u00e3os ainda necessitando de inclus\u00e3o em todos os sistemas&#8221;, disse Jo\u00e3o Azevedo em entrevista \u00e0 imprensa antes do encontro do PSB.<\/p>\n<p>Substituir o maior governador que a Para\u00edba j\u00e1 deve ser\u00e1 o maior desafio da sua vida, de dar &#8216;frio na barriga&#8217;, disse, durante seu pronunciamento no evento. Mas ele afirmou ter certeza que a uni\u00e3o de toda a milit\u00e2ncia \u00e9 que far\u00e1 a diferen\u00e7a.\u00a0Acabou-se o trator galinha, que chegava na cidade, ciscava e ia embora&#8221;, disse.<\/p>\n<p>No encontro, al\u00e9m da milit\u00e2ncia ligando o Clube Cabo Branco, prestigiaram a despedida de Jo\u00e3o da administra\u00e7\u00e3o estadual deputados estaduais e federais, prefeitos, l\u00edderes partid\u00e1rios, e o presidente nacional do PSB Carlos Siqueira.<\/p>\n<p>Ricardo Coutinho, ao se pronunciar no Encontro, disse que Jo\u00e3o Azevedo \u00e9 o melhor perfil para substitui-lo no Governo do Estado.<\/p>\n<p>No encontro interno do partido, ao se referir a Veneziano Vital do R\u00eago como &#8220;meu querido senador&#8221;, Ricardo tamb\u00e9m p\u00f4s fim ao mist\u00e9rio sobre a posi\u00e7\u00e3o do deputado federal na chapa.<\/p>\n<p><strong>CARIRI EM A\u00c7\u00c3O<\/strong><\/p>\n<p><em>Com Clik PB<\/em><em>\/Foto: Reprodu\u00e7\u00e3o google<\/em><\/p>\n<p><em>L<\/em><strong>eia mais not\u00edcias em\u00a0<a href=\"http:\/\/www.caririemacao.com\/\">caririemacao.com<\/a>, siga nossa p\u00e1gina no\u00a0<a href=\"https:\/\/www.facebook.com\/CaririEmAcao\/?ref=aymt_homepage_panel\">Facebook<\/a>,\u00a0<a href=\"https:\/\/www.instagram.com\/cariri_em_acao\/?hl=pt-br\">Instagram<\/a>\u00a0e\u00a0<a href=\"https:\/\/www.youtube.com\/channel\/UCAptA0jQuYQy8vMhLt2m4qg\">Youtube<\/a>\u00a0e veja nossas mat\u00e9rias, v\u00eddeos e fotos. Voc\u00ea tamb\u00e9m pode enviar informa\u00e7\u00f5es \u00e0 Reda\u00e7\u00e3o do Portal Cariri em A\u00e7\u00e3o pelo WhatsApp (83) 9 9634.5791, (83) 9 9601-1162.<\/strong><\/p>\n","protected":false},"excerpt":{"rendered":"<p>O ex-secret\u00e1rio Jo\u00e3o Azevedo anunciou que at\u00e9 o final do ano 200 obras ser\u00e3o entregues. A declara\u00e7\u00e3o aconteceu durante sua fala no Encontro Estadual do&hellip; <\/p>\n","protected":false},"author":2,"featured_media":45492,"comment_status":"closed","ping_status":"closed","sticky":false,"template":"","format":"standard","meta":{"sfsi_plus_gutenberg_text_before_share":"","sfsi_plus_gutenberg_show_text_before_share":"","sfsi_plus_gutenberg_icon_type":"","sfsi_plus_gutenberg_icon_alignemt":"","sfsi_plus_gutenburg_max_per_row":"","footnotes":""},"categories":[11],"tags":[],"class_list":["post-46628","post","type-post","status-publish","format-standard","has-post-thumbnail","hentry","category-politica"],"_links":{"self":[{"href":"https:\/\/www.caririemacao.com\/1\/wp-json\/wp\/v2\/posts\/46628","targetHints":{"allow":["GET"]}}],"collection":[{"href":"https:\/\/www.caririemacao.com\/1\/wp-json\/wp\/v2\/posts"}],"about":[{"href":"https:\/\/www.caririemacao.com\/1\/wp-json\/wp\/v2\/types\/post"}],"author":[{"embeddable":true,"href":"https:\/\/www.caririemacao.com\/1\/wp-json\/wp\/v2\/users\/2"}],"replies":[{"embeddable":true,"href":"https:\/\/www.caririemacao.com\/1\/wp-json\/wp\/v2\/comments?post=46628"}],"version-history":[{"count":0,"href":"https:\/\/www.caririemacao.com\/1\/wp-json\/wp\/v2\/posts\/46628\/revisions"}],"wp:featuredmedia":[{"embeddable":true,"href":"https:\/\/www.caririemacao.com\/1\/wp-json\/wp\/v2\/media\/45492"}],"wp:attachment":[{"href":"https:\/\/www.caririemacao.com\/1\/wp-json\/wp\/v2\/media?parent=46628"}],"wp:term":[{"taxonomy":"category","embeddable":true,"href":"https:\/\/www.caririemacao.com\/1\/wp-json\/wp\/v2\/categories?post=46628"},{"taxonomy":"post_tag","embeddable":true,"href":"https:\/\/www.caririemacao.com\/1\/wp-json\/wp\/v2\/tags?post=46628"}],"curies":[{"name":"wp","href":"https:\/\/api.w.org\/{rel}","templated":true}]}}