{"id":46630,"date":"2018-04-05T22:40:07","date_gmt":"2018-04-06T01:40:07","guid":{"rendered":"http:\/\/caririemacao.com\/1\/?p=46630"},"modified":"2018-04-05T22:40:07","modified_gmt":"2018-04-06T01:40:07","slug":"pt-marca-protesto-contra-prisao-de-lula-para-esta-sexta-em-joao-pessoa","status":"publish","type":"post","link":"https:\/\/www.caririemacao.com\/1\/2018\/04\/05\/pt-marca-protesto-contra-prisao-de-lula-para-esta-sexta-em-joao-pessoa\/","title":{"rendered":"PT marca protesto contra pris\u00e3o de Lula para esta sexta em Jo\u00e3o Pessoa"},"content":{"rendered":"<p>O Partido dos Trabalhadores da Para\u00edba (PT-PB), a Frente Brasil Popular (FBP), os movimentos sociais do campo, da cidade e demais legendas partid\u00e1rias que s\u00e3o contra a pris\u00e3o de Lula convocam toda a milit\u00e2ncia de homens e mulheres das lutas progressistas para participarem de ato nesta sexta-feira (6), a partir das 14h, na frente do Lyceu Paraibano, Centro de Jo\u00e3o Pessoa.<\/p>\n<p>O evento ser\u00e1 em protesto ao mandado de pris\u00e3o emitido pelo juiz S\u00e9rgio Moro, na noite dessa quinta-feira (5), do Tribunal Regional Federal da 4\u00aa Regi\u00e3o.<\/p>\n<p>De acordo com o presidente estadual do PT, Jackson Mac\u00eado, o decreto da pris\u00e3o do ex-presidente Lula, em menos de 24 horas, do Superior Tribunal Federal (STF) ter negado o Habeas Corpus, foi mais um golpe contra o povo.<\/p>\n<p>\u201cHoje \u00e0 noite foi cometido um atentado contra a nossa democracia. Ainda existia embargos para serem julgados no TRF-4, mas mesmo assim eles decretaram a pris\u00e3o do presidente Lula. Dessa forma, estamos convidando todas e todos que s\u00e3o solid\u00e1rios com a nossa democracia, que est\u00e1 em risco, para amanh\u00e3 protestar conosco na frente do Lyceu\u201d.<\/p>\n<p>Movimentos sociais em todos os estados brasileiros se articulam para resistir \u00e0 pris\u00e3o de Lula, que ter\u00e1 at\u00e9 \u00e0s 17h desta sexta-feira para se apresentar \u00e0 Pol\u00edcia Federal, em Curitiba. A presidente nacional do PT convocou a popula\u00e7\u00e3o em rede social para se manifestarem no ber\u00e7o das lutas oper\u00e1rias, em S\u00e3o Bernardo do Campo, S\u00e3o Paulo.<\/p>\n<p><strong>CARIRI EM A\u00c7\u00c3O<\/strong><\/p>\n<p><em>Com Clik PB<\/em><em>\/Foto: Reprodu\u00e7\u00e3o google<\/em><\/p>\n<p><em>L<\/em><strong>eia mais not\u00edcias em\u00a0<a href=\"http:\/\/www.caririemacao.com\/\">caririemacao.com<\/a>, siga nossa p\u00e1gina no\u00a0<a href=\"https:\/\/www.facebook.com\/CaririEmAcao\/?ref=aymt_homepage_panel\">Facebook<\/a>,\u00a0<a href=\"https:\/\/www.instagram.com\/cariri_em_acao\/?hl=pt-br\">Instagram<\/a>\u00a0e\u00a0<a href=\"https:\/\/www.youtube.com\/channel\/UCAptA0jQuYQy8vMhLt2m4qg\">Youtube<\/a>\u00a0e veja nossas mat\u00e9rias, v\u00eddeos e fotos. Voc\u00ea tamb\u00e9m pode enviar informa\u00e7\u00f5es \u00e0 Reda\u00e7\u00e3o do Portal Cariri em A\u00e7\u00e3o pelo WhatsApp (83) 9 9634.5791, (83) 9 9601-1162.<\/strong><\/p>\n","protected":false},"excerpt":{"rendered":"<p>O Partido dos Trabalhadores da Para\u00edba (PT-PB), a Frente Brasil Popular (FBP), os movimentos sociais do campo, da cidade e demais legendas partid\u00e1rias que s\u00e3o&hellip; <\/p>\n","protected":false},"author":2,"featured_media":34617,"comment_status":"closed","ping_status":"closed","sticky":false,"template":"","format":"standard","meta":{"sfsi_plus_gutenberg_text_before_share":"","sfsi_plus_gutenberg_show_text_before_share":"","sfsi_plus_gutenberg_icon_type":"","sfsi_plus_gutenberg_icon_alignemt":"","sfsi_plus_gutenburg_max_per_row":"","footnotes":""},"categories":[2],"tags":[],"class_list":["post-46630","post","type-post","status-publish","format-standard","has-post-thumbnail","hentry","category-geral"],"_links":{"self":[{"href":"https:\/\/www.caririemacao.com\/1\/wp-json\/wp\/v2\/posts\/46630","targetHints":{"allow":["GET"]}}],"collection":[{"href":"https:\/\/www.caririemacao.com\/1\/wp-json\/wp\/v2\/posts"}],"about":[{"href":"https:\/\/www.caririemacao.com\/1\/wp-json\/wp\/v2\/types\/post"}],"author":[{"embeddable":true,"href":"https:\/\/www.caririemacao.com\/1\/wp-json\/wp\/v2\/users\/2"}],"replies":[{"embeddable":true,"href":"https:\/\/www.caririemacao.com\/1\/wp-json\/wp\/v2\/comments?post=46630"}],"version-history":[{"count":0,"href":"https:\/\/www.caririemacao.com\/1\/wp-json\/wp\/v2\/posts\/46630\/revisions"}],"wp:featuredmedia":[{"embeddable":true,"href":"https:\/\/www.caririemacao.com\/1\/wp-json\/wp\/v2\/media\/34617"}],"wp:attachment":[{"href":"https:\/\/www.caririemacao.com\/1\/wp-json\/wp\/v2\/media?parent=46630"}],"wp:term":[{"taxonomy":"category","embeddable":true,"href":"https:\/\/www.caririemacao.com\/1\/wp-json\/wp\/v2\/categories?post=46630"},{"taxonomy":"post_tag","embeddable":true,"href":"https:\/\/www.caririemacao.com\/1\/wp-json\/wp\/v2\/tags?post=46630"}],"curies":[{"name":"wp","href":"https:\/\/api.w.org\/{rel}","templated":true}]}}