{"id":46675,"date":"2018-04-06T08:51:43","date_gmt":"2018-04-06T11:51:43","guid":{"rendered":"http:\/\/caririemacao.com\/1\/?p=46675"},"modified":"2018-04-06T09:07:44","modified_gmt":"2018-04-06T12:07:44","slug":"vacina-da-gripe-o-que-muda-em-2018","status":"publish","type":"post","link":"https:\/\/www.caririemacao.com\/1\/2018\/04\/06\/vacina-da-gripe-o-que-muda-em-2018\/","title":{"rendered":"Vacina da gripe: o que muda em 2018"},"content":{"rendered":"<p>Anote na agenda: no dia 23 de abril de 2018 come\u00e7a a\u00a0Campanha Nacional de Vacina\u00e7\u00e3o contra o Influenza, estrat\u00e9gia do\u00a0Minist\u00e9rio da Sa\u00fade\u00a0para diminuir o impacto da\u00a0gripe\u00a0em todo o pa\u00eds. O Dia D, considerado a data mais importante de mobiliza\u00e7\u00e3o nacional, est\u00e1 marcado para 12 de maio, um s\u00e1bado.<\/p>\n<p>A ideia era iniciar os trabalhos uma semana antes, no dia 16 de abril. Mas algumas dificuldades de fabrica\u00e7\u00e3o e log\u00edstica dificultaram a distribui\u00e7\u00e3o da vacina. Apesar do atraso, o minist\u00e9rio aposta que a troca de datas n\u00e3o trar\u00e1 problemas, uma vez que a campanha se iniciar\u00e1 ainda no\u00a0outono, antes de o\u00a0inverno\u00a0come\u00e7ar, quando o n\u00famero de atingidos sobe pra valer.<\/p>\n<p>Se voc\u00ea faz parte dos grupos de risco para complica\u00e7\u00f5es da doen\u00e7a, sua participa\u00e7\u00e3o \u00e9 primordial.\u00a0A gripe \u00e9 uma doen\u00e7a s\u00e9ria, que mata mais de 650 mil pessoas todos os anos,\u00a0de acordo com um recente levantamento da Organiza\u00e7\u00e3o Mundial da Sa\u00fade (OMS). Al\u00e9m de causar aqueles sintomas cl\u00e1ssicos \u2014 febre alta, nariz entupido,\u00a0cansa\u00e7o\u00a0e dor no corpo \u2014, ela est\u00e1 por tr\u00e1s de complica\u00e7\u00f5es como\u00a0pneumonia\u00a0e\u00a0infarto.<\/p>\n<p>Abaixo, resumimos as principais recomenda\u00e7\u00f5es mudan\u00e7as que foram implementadas para a vacina\u00e7\u00e3o de 2018. Confira os detalhes e, se for o caso, programe sua visita ao posto de sa\u00fade mais pr\u00f3ximo de sua casa.<\/p>\n<h3>O que tem dentro da vacina<\/h3>\n<p>Todos os anos, os subtipos dos v\u00edrus da gripe que ser\u00e3o inclu\u00eddos no imunizante mudam. Isso porque os diferentes causadores dessa infec\u00e7\u00e3o circulam pelo mundo e sofrem muta\u00e7\u00f5es com frequ\u00eancia.<\/p>\n<p>Quem define a composi\u00e7\u00e3o da vacina \u00e9 a pr\u00f3pria\u00a0OMS, que re\u00fane e analisa as informa\u00e7\u00f5es enviadas por centros de vigil\u00e2ncia de todos os pa\u00edses. Aqui no Brasil, por exemplo, temos tr\u00eas esta\u00e7\u00f5es-sentinela: o\u00a0Instituto Adolfo Lutz, em S\u00e3o Paulo, a\u00a0Funda\u00e7\u00e3o Oswaldo Cruz, no Rio de Janeiro, e o\u00a0Instituto Evandro Chagas, em Bel\u00e9m do Par\u00e1. Essas institui\u00e7\u00f5es fazem exames em indiv\u00edduos infectados para descobrir quais as cepas virais que mais circulam em cada regi\u00e3o.<\/p>\n<p>A partir desses dados, os experts batem o martelo sobre a composi\u00e7\u00e3o da vacina e fazem o an\u00fancio no m\u00eas de setembro para o Hemisf\u00e9rio Sul e em fevereiro para o Hemisf\u00e9rio Norte. Em 2018, os tipos de v\u00edrus inclu\u00eddos em nossa campanha s\u00e3o o\u00a0<strong>H1N1<\/strong>, o\u00a0<strong>H3N2<\/strong>\u00a0e o\u00a0<strong>influenza do tipo B Yamagata<\/strong>.<\/p>\n<h3>Quem deve tomar<\/h3>\n<p>Em compara\u00e7\u00e3o com 2017, n\u00e3o teremos nenhuma altera\u00e7\u00e3o em rela\u00e7\u00e3o ao p\u00fablico que deve levar a picada. A escolha desses grupos se deve ao fato de eles serem mais vulner\u00e1veis aos efeitos da gripe e sofrerem mais com seus sintomas e desdobramentos.<\/p>\n<p>Al\u00e9m disso, parte desse pessoal possui contato di\u00e1rio com outras pessoas infectadas, o que aumenta o risco de transmiss\u00e3o. A lista inclui:<\/p>\n<ul>\n<li>Crian\u00e7as de 6 meses a 5 anos<\/li>\n<li>Gestantes<\/li>\n<li>Mulheres que deram \u00e0 luz nos \u00faltimos 45 dias<\/li>\n<li>Profissionais da sa\u00fade<\/li>\n<li>Professores da rede p\u00fablica e particular<\/li>\n<li>Popula\u00e7\u00e3o ind\u00edgena<\/li>\n<li>Portadores de doen\u00e7as cr\u00f4nicas, como\u00a0diabetes,\u00a0asma\u00a0e artrite reumatoide<\/li>\n<li>Indiv\u00edduos imunossuprimidos, como pacientes com c\u00e2ncer que fazem quimioterapia e radioterapia<\/li>\n<li>Portadores de trissomias, como as\u00a0s\u00edndromes de Down\u00a0e de Klinefelter<\/li>\n<li>Pessoas privadas de liberdade<\/li>\n<li>Adolescentes internados em institui\u00e7\u00f5es socioeducativas, como a\u00a0Funda\u00e7\u00e3o Casa<\/li>\n<\/ul>\n<h3>E se eu n\u00e3o fa\u00e7o parte desses grupos?<\/h3>\n<p>Nesses casos, \u00e9 poss\u00edvel tomar a vacina numa cl\u00ednica particular. O pre\u00e7o varia de 100 a 200 reais.<\/p>\n<p>Ao contr\u00e1rio da rede p\u00fablica, que distribui a vers\u00e3o trivalente do imunizante, esses lugares geralmente disponibilizam a<strong>\u00a0<\/strong>tetravalente. A diferen\u00e7a est\u00e1 na presen\u00e7a de um quarto tipo de v\u00edrus na composi\u00e7\u00e3o, o que eleva o n\u00edvel de prote\u00e7\u00e3o. Al\u00e9m das cepas H1N1, H3N2 e do tipo B Yamagata, ele resguarda contra o\u00a0tipo B Victoria.<\/p>\n<h3>Contraindica\u00e7\u00f5es<\/h3>\n<p>Geralmente, a vacina n\u00e3o costuma dar rea\u00e7\u00f5es. Em casos raros, a pessoa pode experimentar uma pequena alergia na pele, no local da aplica\u00e7\u00e3o. N\u00e3o caia naquela ladainha de que o imunizante provoca gripe: como ele \u00e9 feito com o v\u00edrus inativado, n\u00e3o h\u00e1 nenhum risco de ele causar qualquer chatea\u00e7\u00e3o.<\/p>\n<p>Mas e aquelas hist\u00f3rias de gente que tomou a picada e logo depois come\u00e7ou a espirrar e precisou ficar de cama? H\u00e1 duas explica\u00e7\u00f5es. Em primeiro lugar, o sistema imune demora alguns dias para contrapor o influenza \u2014 e pode ser que o sujeito tenha entrado em contato com o v\u00edrus no ambiente nesse meio tempo.<\/p>\n<p>Segundo, a efic\u00e1cia da vacina contra o influenza chega ao m\u00e1ximo em 70%. Sim, h\u00e1 poucos casos em que ela n\u00e3o surte efeito. Mesmo assim, \u00e9 importante porque ajuda a evitar muitas das complica\u00e7\u00f5es p\u00f3s-gripe, como a\u00a0pneumonia.<\/p>\n<p>O imunizante s\u00f3 est\u00e1 proibido mesmo para quem tem\u00a0alergia\u00a0severa ao ovo (ele \u00e9 fabricado dentro da casca e se replica a partir da gema e da clara). Mas essa \u00e9 uma condi\u00e7\u00e3o bem incomum.<\/p>\n<h3>Tomei ano passado. Preciso repetir a dose?<\/h3>\n<p>Sem d\u00favida nenhuma! A taxa de prote\u00e7\u00e3o da vacina come\u00e7a a cair ap\u00f3s alguns meses. Os v\u00edrus da gripe t\u00eam uma alta capacidade de muta\u00e7\u00e3o. Logo, as cepas que est\u00e3o circulando agora s\u00e3o bem diferentes daquelas que aterrorizaram o inverno passado. Portanto, \u00e9 preciso se resguardar novamente para n\u00e3o penar com espirros, prostra\u00e7\u00e3o, febre e outros sintomas.<\/p>\n<div id=\"SourceFBBrasil\" data-aop=\"WidgetStore\" data-id=\"1024\" data-m=\"{\">\n<div id=\"facebookWidget\" data-aop=\"facebookWidget\" data-id=\"1024\" data-m=\"{\">\n<p><strong>CARIRI EM A\u00c7\u00c3O<\/strong><\/p>\n<p><em>Com Sa\u00fade \u00e9 Vital<\/em><em>\/Foto: Reprodu\u00e7\u00e3o google<\/em><\/p>\n<p><em>L<\/em><strong>eia mais not\u00edcias em\u00a0<a href=\"http:\/\/www.caririemacao.com\/\">caririemacao.com<\/a>, siga nossa p\u00e1gina no\u00a0<a href=\"https:\/\/www.facebook.com\/CaririEmAcao\/?ref=aymt_homepage_panel\">Facebook<\/a>,\u00a0<a href=\"https:\/\/www.instagram.com\/cariri_em_acao\/?hl=pt-br\">Instagram<\/a>\u00a0e\u00a0<a href=\"https:\/\/www.youtube.com\/channel\/UCAptA0jQuYQy8vMhLt2m4qg\">Youtube<\/a>\u00a0e veja nossas mat\u00e9rias, v\u00eddeos e fotos. Voc\u00ea tamb\u00e9m pode enviar informa\u00e7\u00f5es \u00e0 Reda\u00e7\u00e3o do Portal Cariri em A\u00e7\u00e3o pelo WhatsApp (83) 9 9634.5791, (83) 9 9601-1162<\/strong><\/p>\n<\/div>\n<\/div>\n","protected":false},"excerpt":{"rendered":"<p>Anote na agenda: no dia 23 de abril de 2018 come\u00e7a a\u00a0Campanha Nacional de Vacina\u00e7\u00e3o contra o Influenza, estrat\u00e9gia do\u00a0Minist\u00e9rio da Sa\u00fade\u00a0para diminuir o impacto&hellip; <\/p>\n","protected":false},"author":2,"featured_media":46684,"comment_status":"closed","ping_status":"closed","sticky":false,"template":"","format":"standard","meta":{"sfsi_plus_gutenberg_text_before_share":"","sfsi_plus_gutenberg_show_text_before_share":"","sfsi_plus_gutenberg_icon_type":"","sfsi_plus_gutenberg_icon_alignemt":"","sfsi_plus_gutenburg_max_per_row":"","footnotes":""},"categories":[16],"tags":[],"class_list":["post-46675","post","type-post","status-publish","format-standard","has-post-thumbnail","hentry","category-saude"],"_links":{"self":[{"href":"https:\/\/www.caririemacao.com\/1\/wp-json\/wp\/v2\/posts\/46675","targetHints":{"allow":["GET"]}}],"collection":[{"href":"https:\/\/www.caririemacao.com\/1\/wp-json\/wp\/v2\/posts"}],"about":[{"href":"https:\/\/www.caririemacao.com\/1\/wp-json\/wp\/v2\/types\/post"}],"author":[{"embeddable":true,"href":"https:\/\/www.caririemacao.com\/1\/wp-json\/wp\/v2\/users\/2"}],"replies":[{"embeddable":true,"href":"https:\/\/www.caririemacao.com\/1\/wp-json\/wp\/v2\/comments?post=46675"}],"version-history":[{"count":0,"href":"https:\/\/www.caririemacao.com\/1\/wp-json\/wp\/v2\/posts\/46675\/revisions"}],"wp:featuredmedia":[{"embeddable":true,"href":"https:\/\/www.caririemacao.com\/1\/wp-json\/wp\/v2\/media\/46684"}],"wp:attachment":[{"href":"https:\/\/www.caririemacao.com\/1\/wp-json\/wp\/v2\/media?parent=46675"}],"wp:term":[{"taxonomy":"category","embeddable":true,"href":"https:\/\/www.caririemacao.com\/1\/wp-json\/wp\/v2\/categories?post=46675"},{"taxonomy":"post_tag","embeddable":true,"href":"https:\/\/www.caririemacao.com\/1\/wp-json\/wp\/v2\/tags?post=46675"}],"curies":[{"name":"wp","href":"https:\/\/api.w.org\/{rel}","templated":true}]}}