{"id":46676,"date":"2018-04-06T08:45:47","date_gmt":"2018-04-06T11:45:47","guid":{"rendered":"http:\/\/caririemacao.com\/1\/?p=46676"},"modified":"2018-04-06T08:45:47","modified_gmt":"2018-04-06T11:45:47","slug":"raquel-dodge-pede-ao-stf-que-torne-aecio-reu-por-corrupcao","status":"publish","type":"post","link":"https:\/\/www.caririemacao.com\/1\/2018\/04\/06\/raquel-dodge-pede-ao-stf-que-torne-aecio-reu-por-corrupcao\/","title":{"rendered":"Raquel Dodge pede ao STF que torne A\u00e9cio r\u00e9u por corrup\u00e7\u00e3o"},"content":{"rendered":"<p>A procuradora-geral da Rep\u00fablica,\u00a0Raquel Dodge, reiterou nesta ter\u00e7a-feira, 27, o pedido para que o Supremo Tribunal Federal\u00a0(STF)\u00a0receba integralmente a den\u00fancia e torne r\u00e9u o senador\u00a0A\u00e9cio Neves (PSDB-MG). O parlamentar foi denunciado por pedir \u2013 e receber \u2013 2 milh\u00f5es de reais de propina ao empres\u00e1rio\u00a0Joesley Batista, da\u00a0JBS, e por obstru\u00e7\u00e3o de Justi\u00e7a, ao tentar atrapalhar o andamento da\u00a0Opera\u00e7\u00e3o Lava Jato.<\/p>\n<p>Tamb\u00e9m s\u00e3o acusados a irm\u00e3 do parlamentar\u00a0Andr\u00e9a Neves da Cunha, o primo dele,\u00a0Frederico Pacheco de Medeiros, e\u00a0Mendherson Souza Lima, ex-assessor parlamentar do senador Zez\u00e9 Perrela (MDB-MG).\u00a0A den\u00fancia pede a condena\u00e7\u00e3o de A\u00e9cio por corrup\u00e7\u00e3o passiva e obstru\u00e7\u00e3o de Justi\u00e7a e dos outros acusados por corrup\u00e7\u00e3o passiva. A PGR tamb\u00e9m quer que o senador e sua irm\u00e3 paguem 2 milh\u00f5es de reais \u00e0 Uni\u00e3o para repara\u00e7\u00e3o de danos materiais, al\u00e9m de 4 milh\u00f5es de reais por danos morais.<\/p>\n<p>No documento, Dodge destaca que A\u00e9cio empregou todos os seus esfor\u00e7os na tentativa de embara\u00e7ar as investiga\u00e7\u00f5es da Lava Lato, atuando para aprovar o projeto de lei de abuso de autoridade (PLS 85\/2017) e a anistia para crimes de caixa dois, no \u00e2mbito da tramita\u00e7\u00e3o das chamadas Dez Medidas contra a Corrup\u00e7\u00e3o.\u00a0Tamb\u00e9m exerceu, segundo a procuradora-geral da Rep\u00fablica, press\u00e3o sobre membros do governo e da Pol\u00edcia Federal, com o prop\u00f3sito de escolher delegados para conduzir os inqu\u00e9ritos.<\/p>\n<p>As alega\u00e7\u00f5es foram feitas em r\u00e9plica aos argumentos da defesa do senador.\u00a0Quanto \u00e0 alega\u00e7\u00e3o apresentada pelo parlamentar, de que os 2 milh\u00f5es de reais supostamente seriam relativos a um empr\u00e9stimo l\u00edcito solicitado a Joesley para a contrata\u00e7\u00e3o de servi\u00e7os advocat\u00edcios, Dodge lembra que n\u00e3o existe nos autos nenhuma prova de que tal empr\u00e9stimo de fato tenha ocorrido.\u00a0\u201cO car\u00e1ter de vantagem indevida dos valores solicitados por A\u00e9cio Neves e por Andr\u00e9a Neves a Joesley Batista fica claro quando o senador afirma que a pessoa que iria receber as parcelas deveria ser algu\u00e9m \u2018que a gente mata ele antes de fazer dela\u00e7\u00e3o\u2019\u201d, frisou a procuradora-geral, em refer\u00eancia ao di\u00e1logo gravado entre Joesley e A\u00e9cio. Al\u00e9m disso, a forma como os valores foram entregues, em dinheiro, tamb\u00e9m demonstram a ilicitude da transa\u00e7\u00e3o, acrescentou.<\/p>\n<p>Dodge diz, ainda, que \u201csegundo as provas colhidas na investiga\u00e7\u00e3o, a solicita\u00e7\u00e3o de vantagens il\u00edcitas n\u00e3o\u00a0\u00e9 ato isolado no relacionamento entre A\u00e9cio e Joesley, mas um epis\u00f3dio de longo tempo que caracteriza crime contra a administra\u00e7\u00e3o p\u00fablica\u201d e cita relato dos colaboradores Joesley e Ricardo Saud de que a J&amp;F repassou 60 milh\u00f5es de reais ao parlamentar por meio de notas frias, a diversas empresas indicadas por ele, e pagou partidos pol\u00edticos para ingressarem na coliga\u00e7\u00e3o da candidatura de A\u00e9cio \u00e0 Presid\u00eancia da Rep\u00fablica em 2014. Em contrapartida, afirma a procuradora-geral, o senador usou o seu mandato para beneficiar diretamente os interesses do grupo.<\/p>\n<p>A procuradora-geral reafirma ainda a validade da grava\u00e7\u00e3o ambiental feita por Joesley\u00a0de\u00a0uma conversa com\u00a0A\u00e9cio. Para ela, ficou claro que n\u00e3o houve nenhum tipo de indu\u00e7\u00e3o por parte dos\u00a0colaboradores para que o senador cometesse o crime de corrup\u00e7\u00e3o passiva. \u201cDeu-se exatamente o contr\u00e1rio: Joesley Batista foi espontaneamente procurado, em 18 de fevereiro de 2017, por Andr\u00e9a Neves da Cunha, irm\u00e3 de A\u00e9cio Neves, na escola Germinare, cont\u00edgua \u00e0 sede do Grupo J&amp;F, ocasi\u00e3o em que ela lhe solicitou, em favor do seu irm\u00e3o, o pagamento de R$ 2 milh\u00f5es.\u201d<\/p>\n<p><strong>Outro lado<\/strong><\/p>\n<p>O advogado de A\u00e9cio Neves, Alberto Zacharias Toron, disse que a\u00a0manifesta\u00e7\u00e3o da PGR foge dos argumentos centrais da defesa e se limita a repetir termos gen\u00e9ricos da den\u00fancia, revelando a fragilidade da acusa\u00e7\u00e3o.\u00a0\u201cA pr\u00f3pria PGR reconhece que nunca houve qualquer contrapartida por parte do senador A\u00e9cio Neves, evidenciando que n\u00e3o houve corrup\u00e7\u00e3o ou pedido de vantagem indevida\u201d, diz em nota.<\/p>\n<p>O advogado tamb\u00e9m lembra que a PGR reconhece diversos desvios nas \u201cheterodoxas\u201d negocia\u00e7\u00f5es da\u00a0dela\u00e7\u00e3o envolvendo os executivos da JBS, incluindo a atua\u00e7\u00e3o do ex-procurador Marcello Miller, classificada pela defesa como ilegal. Na nota, tamb\u00e9m acrescenta que \u201cDodge nada disse\u00a0sobre a participa\u00e7\u00e3o de membros da institui\u00e7\u00e3o na reuni\u00e3o que precedeu a grava\u00e7\u00e3o feita pelo sr. Joesley de uma conversa induzida e manipulada envolvendo o senador\u201d.<\/p>\n<p>Sobre a acusa\u00e7\u00e3o de obstru\u00e7\u00e3o \u00e0 Justi\u00e7a, o defensor afirma que \u201ca manifesta\u00e7\u00e3o do MPF escancara a tentativa de criminaliza\u00e7\u00e3o da l\u00edcita atividade parlamentar exercida pelo senador A\u00e9cio, omitindo que na vota\u00e7\u00e3o da lei de abuso de autoridade o senador defendeu e votou a favor da proposta do Minist\u00e9rio P\u00fablico, o que por si s\u00f3 desmente a acusa\u00e7\u00e3o\u201d.\u00a0\u201cO senador A\u00e9cio Neves est\u00e1 convicto de que o STF promover\u00e1 a an\u00e1lise justa do caso, que demonstrar\u00e1 que ele e seus familiares n\u00e3o cometeram atos il\u00edcitos\u201d, conclui o advogado, na nota.<\/p>\n<p>Leia\u00a0<a href=\"https:\/\/abrilveja.files.wordpress.com\/2018\/03\/parecer-pgr-ac3a9cio.pdf\" target=\"_blank\" rel=\"noopener\"><strong>aqui<\/strong><\/a>\u00a0a \u00edntegra do parecer de Raquel Dodge.<\/p>\n<p><strong>CARIRI EM A\u00c7\u00c3O<\/strong><\/p>\n<p><em>Com Veja \/Foto: Reprodu\u00e7\u00e3o Internet<\/em><\/p>\n<p><strong>Leia mais not\u00edcias em\u00a0<\/strong><a href=\"http:\/\/www.caririemacao.com\/\"><strong>caririemacao.com<\/strong><\/a><strong>, siga nossa p\u00e1gina no\u00a0<\/strong><a href=\"https:\/\/www.facebook.com\/CaririEmAcao\/?ref=aymt_homepage_panel\"><strong>Facebook<\/strong><\/a>,<strong>\u00a0<\/strong><a href=\"https:\/\/www.instagram.com\/cariri_em_acao\/?hl=pt-br\"><strong>Instagram<\/strong><\/a><strong>\u00a0e <\/strong><a href=\"https:\/\/www.youtube.com\/channel\/UCAptA0jQuYQy8vMhLt2m4qg\"><strong>Youtube<\/strong><\/a><strong>\u00a0e veja nossas mat\u00e9rias, v\u00eddeos e fotos. Voc\u00ea tamb\u00e9m pode enviar informa\u00e7\u00f5es \u00e0 Reda\u00e7\u00e3o do Portal Cariri em A\u00e7\u00e3o pelo WhatsApp (83) 9 9634.5791, (83) 9 9601-1162.<\/strong><\/p>\n","protected":false},"excerpt":{"rendered":"<p>A procuradora-geral da Rep\u00fablica,\u00a0Raquel Dodge, reiterou nesta ter\u00e7a-feira, 27, o pedido para que o Supremo Tribunal Federal\u00a0(STF)\u00a0receba integralmente a den\u00fancia e torne r\u00e9u o senador\u00a0A\u00e9cio&hellip; <\/p>\n","protected":false},"author":2,"featured_media":46677,"comment_status":"closed","ping_status":"closed","sticky":false,"template":"","format":"standard","meta":{"sfsi_plus_gutenberg_text_before_share":"","sfsi_plus_gutenberg_show_text_before_share":"","sfsi_plus_gutenberg_icon_type":"","sfsi_plus_gutenberg_icon_alignemt":"","sfsi_plus_gutenburg_max_per_row":"","footnotes":""},"categories":[11],"tags":[],"class_list":["post-46676","post","type-post","status-publish","format-standard","has-post-thumbnail","hentry","category-politica"],"_links":{"self":[{"href":"https:\/\/www.caririemacao.com\/1\/wp-json\/wp\/v2\/posts\/46676","targetHints":{"allow":["GET"]}}],"collection":[{"href":"https:\/\/www.caririemacao.com\/1\/wp-json\/wp\/v2\/posts"}],"about":[{"href":"https:\/\/www.caririemacao.com\/1\/wp-json\/wp\/v2\/types\/post"}],"author":[{"embeddable":true,"href":"https:\/\/www.caririemacao.com\/1\/wp-json\/wp\/v2\/users\/2"}],"replies":[{"embeddable":true,"href":"https:\/\/www.caririemacao.com\/1\/wp-json\/wp\/v2\/comments?post=46676"}],"version-history":[{"count":0,"href":"https:\/\/www.caririemacao.com\/1\/wp-json\/wp\/v2\/posts\/46676\/revisions"}],"wp:featuredmedia":[{"embeddable":true,"href":"https:\/\/www.caririemacao.com\/1\/wp-json\/wp\/v2\/media\/46677"}],"wp:attachment":[{"href":"https:\/\/www.caririemacao.com\/1\/wp-json\/wp\/v2\/media?parent=46676"}],"wp:term":[{"taxonomy":"category","embeddable":true,"href":"https:\/\/www.caririemacao.com\/1\/wp-json\/wp\/v2\/categories?post=46676"},{"taxonomy":"post_tag","embeddable":true,"href":"https:\/\/www.caririemacao.com\/1\/wp-json\/wp\/v2\/tags?post=46676"}],"curies":[{"name":"wp","href":"https:\/\/api.w.org\/{rel}","templated":true}]}}