{"id":46877,"date":"2018-04-08T08:31:35","date_gmt":"2018-04-08T11:31:35","guid":{"rendered":"http:\/\/caririemacao.com\/1\/?p=46877"},"modified":"2018-04-08T08:31:35","modified_gmt":"2018-04-08T11:31:35","slug":"nao-ha-heroi-nem-vilao-diz-huck-sobre-prisao-de-lula","status":"publish","type":"post","link":"https:\/\/www.caririemacao.com\/1\/2018\/04\/08\/nao-ha-heroi-nem-vilao-diz-huck-sobre-prisao-de-lula\/","title":{"rendered":"N\u00e3o h\u00e1 her\u00f3i nem vil\u00e3o, diz Huck sobre pris\u00e3o de Lula"},"content":{"rendered":"<p><span class=\"news_capital_letter\">L<\/span>uciano Huck abriu sua fala num encontro no MIT, em Cambridge, nos Estados Unidos, fazendo elogios a Lu\u00eds Roberto Barroso, ministro do Supremo Tribunal Federal que votou contra o habeas corpus para o ex-presidente Luiz In\u00e1cio Lula da Silva.<\/p>\n<p>&#8220;Ministro Barroso, o senhor me representa&#8221;, disse Huck ao magistrado, que assistia \u00e0 palestra no audit\u00f3rio.<\/p>\n<p>O apresentador da TV Globo, que chegou a ensaiar uma candidatura ao Planalto, disse que &#8220;\u00e9 simb\u00f3lico o que est\u00e1 acontecendo no Brasil&#8221;, aludindo \u00e0 pris\u00e3o do petista.<\/p>\n<p>&#8220;N\u00e3o acredito em salvador da p\u00e1tria, em her\u00f3i e nem em vil\u00e3o&#8221;, afirmou Huck. &#8220;N\u00e3o consigo enxergar hoje no Brasil ningu\u00e9m que nos venda o projeto de um pa\u00eds grande. N\u00e3o consigo ver ningu\u00e9m vendendo o pa\u00eds que a gente est\u00e1 querendo construir.&#8221;<\/p>\n<p>Ele tamb\u00e9m deixou claro que n\u00e3o ser\u00e1 candidato, lembrando que o prazo para definirem as candidaturas j\u00e1 se esgotou e ele est\u00e1 nos Estados Unidos e n\u00e3o no Brasil.<\/p>\n<p>&#8220;Dizem que quando voc\u00ea sai \u00e0 noite em Las Vegas pode voltar sem dente para a casa&#8221;, afirmou Huck. &#8220;As pessoas que sa\u00edram na noitada aqui ficaram com medo de voltar filiado a um partido. Achei melhor ficar em casa.&#8221;<\/p>\n<p>Mas o apresentador n\u00e3o abandonou um discurso com cara de campanha. Elogiando Jorge Paulo Lemann, o homem mais rico do Brasil e um dos patrocinadores do encontro, disse que h\u00e1 &#8220;cabe\u00e7as brilhantes&#8221; no pa\u00eds, mas que elas n\u00e3o est\u00e3o na pol\u00edtica.<\/p>\n<p>&#8220;Minha cabe\u00e7a mudou muito nesse \u00faltimo ano. A hora que voc\u00ea come\u00e7a a pensar pol\u00edticas p\u00fablicas de um jeito maduro \u00e9 uma das coisas mais sedutoras que pode acontecer na cabe\u00e7a de algu\u00e9m&#8221;, disse Huck.<\/p>\n<p>&#8220;Meu papel agora, se eu puder, \u00e9 mobilizar a minha gera\u00e7\u00e3o para que se aproxime da pol\u00edtica.&#8221;<\/p>\n<p>Ele disse tamb\u00e9m que \u00e9 preciso &#8220;ressignificar o sistema pol\u00edtico, um sistema feito para que ele n\u00e3o se renove&#8221;.<\/p>\n<p><strong>CARIRI EM A\u00c7\u00c3O<\/strong><\/p>\n<p><em>Com Folhapress\/Foto: Reprodu\u00e7\u00e3o Internet<\/em><\/p>\n<p><strong>Leia mais not\u00edcias em\u00a0<\/strong><a href=\"http:\/\/www.caririemacao.com\/\"><strong>caririemacao.com<\/strong><\/a><strong>, siga nossa p\u00e1gina no\u00a0<\/strong><a href=\"https:\/\/www.facebook.com\/CaririEmAcao\/?ref=aymt_homepage_panel\"><strong>Facebook<\/strong><\/a>,<strong>\u00a0<\/strong><a href=\"https:\/\/www.instagram.com\/cariri_em_acao\/?hl=pt-br\"><strong>Instagram<\/strong><\/a><strong>\u00a0e\u00a0<\/strong><a href=\"https:\/\/www.youtube.com\/channel\/UCAptA0jQuYQy8vMhLt2m4qg\"><strong>Youtube<\/strong><\/a><strong>\u00a0e veja nossas mat\u00e9rias, v\u00eddeos e fotos. Voc\u00ea tamb\u00e9m pode enviar informa\u00e7\u00f5es \u00e0 Reda\u00e7\u00e3o do Portal Cariri em A\u00e7\u00e3o pelo WhatsApp (83) 9 9634.5791, (83) 9 9601-1162.<\/strong><\/p>\n","protected":false},"excerpt":{"rendered":"<p>Luciano Huck abriu sua fala num encontro no MIT, em Cambridge, nos Estados Unidos, fazendo elogios a Lu\u00eds Roberto Barroso, ministro do Supremo Tribunal Federal&hellip; <\/p>\n","protected":false},"author":2,"featured_media":33022,"comment_status":"closed","ping_status":"closed","sticky":false,"template":"","format":"standard","meta":{"sfsi_plus_gutenberg_text_before_share":"","sfsi_plus_gutenberg_show_text_before_share":"","sfsi_plus_gutenberg_icon_type":"","sfsi_plus_gutenberg_icon_alignemt":"","sfsi_plus_gutenburg_max_per_row":"","footnotes":""},"categories":[11],"tags":[],"class_list":["post-46877","post","type-post","status-publish","format-standard","has-post-thumbnail","hentry","category-politica"],"_links":{"self":[{"href":"https:\/\/www.caririemacao.com\/1\/wp-json\/wp\/v2\/posts\/46877","targetHints":{"allow":["GET"]}}],"collection":[{"href":"https:\/\/www.caririemacao.com\/1\/wp-json\/wp\/v2\/posts"}],"about":[{"href":"https:\/\/www.caririemacao.com\/1\/wp-json\/wp\/v2\/types\/post"}],"author":[{"embeddable":true,"href":"https:\/\/www.caririemacao.com\/1\/wp-json\/wp\/v2\/users\/2"}],"replies":[{"embeddable":true,"href":"https:\/\/www.caririemacao.com\/1\/wp-json\/wp\/v2\/comments?post=46877"}],"version-history":[{"count":0,"href":"https:\/\/www.caririemacao.com\/1\/wp-json\/wp\/v2\/posts\/46877\/revisions"}],"wp:featuredmedia":[{"embeddable":true,"href":"https:\/\/www.caririemacao.com\/1\/wp-json\/wp\/v2\/media\/33022"}],"wp:attachment":[{"href":"https:\/\/www.caririemacao.com\/1\/wp-json\/wp\/v2\/media?parent=46877"}],"wp:term":[{"taxonomy":"category","embeddable":true,"href":"https:\/\/www.caririemacao.com\/1\/wp-json\/wp\/v2\/categories?post=46877"},{"taxonomy":"post_tag","embeddable":true,"href":"https:\/\/www.caririemacao.com\/1\/wp-json\/wp\/v2\/tags?post=46877"}],"curies":[{"name":"wp","href":"https:\/\/api.w.org\/{rel}","templated":true}]}}