{"id":46879,"date":"2018-04-08T08:35:45","date_gmt":"2018-04-08T11:35:45","guid":{"rendered":"http:\/\/caririemacao.com\/1\/?p=46879"},"modified":"2018-04-08T08:35:45","modified_gmt":"2018-04-08T11:35:45","slug":"lula-passa-primeira-noite-em-prisao","status":"publish","type":"post","link":"https:\/\/www.caririemacao.com\/1\/2018\/04\/08\/lula-passa-primeira-noite-em-prisao\/","title":{"rendered":"Lula passa primeira noite em pris\u00e3o"},"content":{"rendered":"<p>O ex-presidente Luiz In\u00e1cio Lula da Silva chegou na noite deste s\u00e1bado (7) na sede da Pol\u00edcia Federal, em Curitiba, onde vai cumprir sua pena por corrup\u00e7\u00e3o passiva e lavagem de dinheiro no caso do triplex em Guaruj\u00e1 (SP). A senten\u00e7a definida \u00e9 de 12 anos e 1 m\u00eas de pris\u00e3o, com in\u00edcio em regime fechado.<\/p>\n<p>O juiz federal S\u00e9rgio Moro determinou que Lula ficar\u00e1 preso em uma sala especial de 15 metros quadrados, localizada no 4\u00ba andar do pr\u00e9dio da PF. Sua cela tem cama, mesa e um banheiro pr\u00f3prio. A instala\u00e7\u00e3o de uma televis\u00e3o tamb\u00e9m foi autorizada.<\/p>\n<p>De acordo com informa\u00e7\u00f5es do &#8216;O Globo&#8217;, o espa\u00e7o \u00e9 isolado dos demais presos da Lava Jato, a exemplo dos ex-ministro Antonio Palocci e do empreiteiro e s\u00f3cio da OAS, Aldem\u00e1rio Pinheiro Filho, o L\u00e9o Pinheiro.<\/p>\n<p>O ex-presidente ter\u00e1 direito a duas horas di\u00e1rias de banho de sol, que ser\u00e1 em hor\u00e1rios distintos dos demais, assim como as visitas. Hoje, quem est\u00e1 preso na sede da PF recebe familiares as quartas-feiras, em um mesmo espa\u00e7o e ao mesmo tempo.<\/p>\n<p>Lula se entregou \u00e0 Pol\u00edcia Federal \u00e0s 18h40 deste s\u00e1bado (7), quase 26 horas ap\u00f3s o prazo dado pelo juiz Sergio Moro. A decis\u00e3o foi anunciada durante um discurso de 55 minutos na cerim\u00f4nia para a ex-primeira-dama Marisa Let\u00edcia, realizada em frente \u00e0 sede do Sindicato dos Metal\u00fargicos do ABC, em S\u00e3o Bernardo (SP).<\/p>\n<p>Por mais de duas horas, manifestantes impediram que Lula deixasse a sede do Sindicato dos Metal\u00fargicos do ABC, em S\u00e3o Bernardo, onde estava desde quinta (5), quando teve a pris\u00e3o decretada.<\/p>\n<p><strong>CARIRI EM A\u00c7\u00c3O<\/strong><\/p>\n<p><em>Com Noticia ao Minuto\/Foto: Reprodu\u00e7\u00e3o Internet<\/em><\/p>\n<p><strong>Leia mais not\u00edcias em\u00a0<\/strong><a href=\"http:\/\/www.caririemacao.com\/\"><strong>caririemacao.com<\/strong><\/a><strong>, siga nossa p\u00e1gina no\u00a0<\/strong><a href=\"https:\/\/www.facebook.com\/CaririEmAcao\/?ref=aymt_homepage_panel\"><strong>Facebook<\/strong><\/a>,<strong>\u00a0<\/strong><a href=\"https:\/\/www.instagram.com\/cariri_em_acao\/?hl=pt-br\"><strong>Instagram<\/strong><\/a><strong>\u00a0e\u00a0<\/strong><a href=\"https:\/\/www.youtube.com\/channel\/UCAptA0jQuYQy8vMhLt2m4qg\"><strong>Youtube<\/strong><\/a><strong>\u00a0e veja nossas mat\u00e9rias, v\u00eddeos e fotos. Voc\u00ea tamb\u00e9m pode enviar informa\u00e7\u00f5es \u00e0 Reda\u00e7\u00e3o do Portal Cariri em A\u00e7\u00e3o pelo WhatsApp (83) 9 9634.5791, (83) 9 9601-1162.<\/strong><\/p>\n","protected":false},"excerpt":{"rendered":"<p>O ex-presidente Luiz In\u00e1cio Lula da Silva chegou na noite deste s\u00e1bado (7) na sede da Pol\u00edcia Federal, em Curitiba, onde vai cumprir sua pena&hellip; <\/p>\n","protected":false},"author":2,"featured_media":46880,"comment_status":"closed","ping_status":"closed","sticky":false,"template":"","format":"standard","meta":{"sfsi_plus_gutenberg_text_before_share":"","sfsi_plus_gutenberg_show_text_before_share":"","sfsi_plus_gutenberg_icon_type":"","sfsi_plus_gutenberg_icon_alignemt":"","sfsi_plus_gutenburg_max_per_row":"","footnotes":""},"categories":[11],"tags":[],"class_list":["post-46879","post","type-post","status-publish","format-standard","has-post-thumbnail","hentry","category-politica"],"_links":{"self":[{"href":"https:\/\/www.caririemacao.com\/1\/wp-json\/wp\/v2\/posts\/46879","targetHints":{"allow":["GET"]}}],"collection":[{"href":"https:\/\/www.caririemacao.com\/1\/wp-json\/wp\/v2\/posts"}],"about":[{"href":"https:\/\/www.caririemacao.com\/1\/wp-json\/wp\/v2\/types\/post"}],"author":[{"embeddable":true,"href":"https:\/\/www.caririemacao.com\/1\/wp-json\/wp\/v2\/users\/2"}],"replies":[{"embeddable":true,"href":"https:\/\/www.caririemacao.com\/1\/wp-json\/wp\/v2\/comments?post=46879"}],"version-history":[{"count":0,"href":"https:\/\/www.caririemacao.com\/1\/wp-json\/wp\/v2\/posts\/46879\/revisions"}],"wp:featuredmedia":[{"embeddable":true,"href":"https:\/\/www.caririemacao.com\/1\/wp-json\/wp\/v2\/media\/46880"}],"wp:attachment":[{"href":"https:\/\/www.caririemacao.com\/1\/wp-json\/wp\/v2\/media?parent=46879"}],"wp:term":[{"taxonomy":"category","embeddable":true,"href":"https:\/\/www.caririemacao.com\/1\/wp-json\/wp\/v2\/categories?post=46879"},{"taxonomy":"post_tag","embeddable":true,"href":"https:\/\/www.caririemacao.com\/1\/wp-json\/wp\/v2\/tags?post=46879"}],"curies":[{"name":"wp","href":"https:\/\/api.w.org\/{rel}","templated":true}]}}