{"id":46882,"date":"2018-04-08T08:37:41","date_gmt":"2018-04-08T11:37:41","guid":{"rendered":"http:\/\/caririemacao.com\/1\/?p=46882"},"modified":"2018-04-08T08:37:41","modified_gmt":"2018-04-08T11:37:41","slug":"marina-silva-disputara-pela-terceira-vez-presidencia-da-republica","status":"publish","type":"post","link":"https:\/\/www.caririemacao.com\/1\/2018\/04\/08\/marina-silva-disputara-pela-terceira-vez-presidencia-da-republica\/","title":{"rendered":"Marina Silva disputar\u00e1 pela terceira vez Presid\u00eancia da Rep\u00fablica"},"content":{"rendered":"<p>Rede Sustentabilidade lan\u00e7ou oficialmente neste s\u00e1bado (7) a pr\u00e9-candidatura da ex-senadora e ex-ministra Marina Silva \u00e0 Presid\u00eancia da Rep\u00fablica. A pr\u00e9-candidatura de Marina foi aprovada no congresso nacional do partido.<\/p>\n<p>Ainda n\u00e3o h\u00e1 defini\u00e7\u00f5es sobre chapa e coliga\u00e7\u00f5es, que ser\u00e3o feitas na conven\u00e7\u00e3o partid\u00e1ria prevista para o final de julho.<\/p>\n<p>Em seu discurso, Marina lembrou que \u00e9 a terceira vez que se coloca como candidata \u00e0 Presid\u00eancia e que o momento pol\u00edtico do Brasil torna sua decis\u00e3o necess\u00e1ria.<\/p>\n<p>\u201cNunca foi t\u00e3o necess\u00e1ria a decis\u00e3o de estar aqui hoje, pelo momento que estamos vivendo. Momento que n\u00e3o \u00e9 de celebra\u00e7\u00e3o, mas de tristeza por um lado. Um ex-presidente da Rep\u00fablica, que poderia estar apto para fazer o que quisesse na pol\u00edtica, estar sendo interditado pela Justi\u00e7a por erros que cometeu\u201d, disse.<\/p>\n<p>Para ela, a decreta\u00e7\u00e3o de pris\u00e3o do ex-presidente Luiz In\u00e1cio Lula da Silva \u00e9 uma esperan\u00e7a de que, agora, a lei passar\u00e1 a valer para todos.<\/p>\n<p>\u201cIsso n\u00e3o deve ser motivo de celebra\u00e7\u00e3o, mas por outro lado \u00e9 uma sinaliza\u00e7\u00e3o de que podemos come\u00e7ar a ter esperan\u00e7a de que est\u00e1 se iniciando um tempo de que a lei ser\u00e1 igualmente para todos\u201d, afirmou.<\/p>\n<p>A ex-ministra tamb\u00e9m criticou nominalmente alguns pol\u00edticos e o foro privilegiado, que permite a autoridades e congressistas serem julgados somente no Supremo Tribunal Federal (STF).<\/p>\n<p>\u201cQue n\u00e3o se permita mais que os Renans, os A\u00e9cios, os Padilhas e os Temers fiquem impunes sob o manto do foro privilegiado. N\u00e3o podemos ter uma justi\u00e7a que tenha dois pesos e duas medidas\u201d, disse.<\/p>\n<p>Sem mencionar o apoio no segundo turno da elei\u00e7\u00e3o de 2014 \u00e0 candidatura de A\u00e9cio Neves, atualmente investigado na Opera\u00e7\u00e3o Lava Jato, Marina Silvaa firmou que neste ano o Brasil sabe a \u201cverdade\u201d que n\u00e3o sabia em 2014.<\/p>\n<p>\u201cA sociedade vai votar conhecendo a verdade, e o nosso grande desafio \u00e9 o que fazer com essa verdade. Agora, n\u00f3s sabemos quem \u00e9 quem. \u00c9tica n\u00e3o \u00e9 para ser usada como bandeira, \u00e9 obriga\u00e7\u00e3o\u201d, disse.<\/p>\n<p>Durante coletiva de imprensa, Marina Silva afirmou que a Rede vai continuar dialogando com outros partidos e que a negocia\u00e7\u00e3o n\u00e3o exige que as legendas n\u00e3o tenham suas candidatos.<\/p>\n<p>\u201cN\u00e3o precisamos colocar como ponto de partida que os outros partidos n\u00e3o tenham suas candidaturas. Eu sempre digo que, quanto mais estrelas no c\u00e9u, mais claro \u00e9 o caminho\u201d, disse.<\/p>\n<p>Sobre a negocia\u00e7\u00e3o com o PSB e uma poss\u00edvel candidatura do ex-ministro do Supremo Tribunal Federal (STF) Joaquim Barbosa, que se filiou ao partido, Marina elogiou o ex-ministro e disse que ele \u00e9 bem-vindo \u201cpara melhorar a qualidade da pol\u00edtica brasileira\u201d.<\/p>\n<p><strong>Economia<\/strong><\/p>\n<p>Marina defendeu o controle das contas p\u00fablicas e a estabilidade jur\u00eddica como forma de atrair investimentos para o pa\u00eds.<\/p>\n<p>\u201cS\u00f3 vamos recuperar a nossa economia recuperando a credibilidade. O Brasil \u00e9 um pa\u00eds que tem grandes possiblidades de investimentos, mas n\u00e3o tem seguran\u00e7a jur\u00eddica, n\u00e3o tem seguran\u00e7a pol\u00edtica e n\u00e3o tem seguran\u00e7a \u00e9tica diante de tudo que est\u00e1 acontecendo hoje\u201d, disse.<\/p>\n<p>Sobre a reformas econ\u00f4micas, como a da Previd\u00eancia, afirmou que s\u00e3o necess\u00e1rias, mas n\u00e3o como est\u00e3o sendo feitas pelo presidente Michel Temer, que, segundo ela, s\u00f3 dialoga com os empres\u00e1rios e n\u00e3o com trabalhadores.<\/p>\n<p><strong>Biografia<\/strong><\/p>\n<p>Acreana, Maria Silva nasceu em 8 de fevereiro de 1958. Junto com o seringueiro Chico Mendes foi uma das fundadoras da Central \u00danica dos Trabalhadores (CUT) em seu estado.<\/p>\n<p>Marina foi vereadora em Rio Branco, deputada estadual, senadora por dois mandatos e ministra do Meio Ambiente durante o governo do ex-presidente Luiz In\u00e1cio Lula da Silva. Foi filiada ao PT e passou por PV e PSB antes de criar a Rede Sustentabilidade.<\/p>\n<p>Em 2010, Marina Silva concorreu \u00e0 Presid\u00eancia da Rep\u00fablica como candidata do PV. Recebeu 19,6 milh\u00f5es de votos e ficou em terceiro. Em 2014, pelo PSB, ela repetiu o terceiro lugar, desta vez com 22,1 milh\u00f5es de votos.<\/p>\n<p><strong>CARIRI EM A\u00c7\u00c3O<\/strong><\/p>\n<p><em>Com G1\/Foto: Reprodu\u00e7\u00e3o Internet<\/em><\/p>\n<p><strong>Leia mais not\u00edcias em\u00a0<\/strong><a href=\"http:\/\/www.caririemacao.com\/\"><strong>caririemacao.com<\/strong><\/a><strong>, siga nossa p\u00e1gina no\u00a0<\/strong><a href=\"https:\/\/www.facebook.com\/CaririEmAcao\/?ref=aymt_homepage_panel\"><strong>Facebook<\/strong><\/a>,<strong>\u00a0<\/strong><a href=\"https:\/\/www.instagram.com\/cariri_em_acao\/?hl=pt-br\"><strong>Instagram<\/strong><\/a><strong>\u00a0e\u00a0<\/strong><a href=\"https:\/\/www.youtube.com\/channel\/UCAptA0jQuYQy8vMhLt2m4qg\"><strong>Youtube<\/strong><\/a><strong>\u00a0e veja nossas mat\u00e9rias, v\u00eddeos e fotos. Voc\u00ea tamb\u00e9m pode enviar informa\u00e7\u00f5es \u00e0 Reda\u00e7\u00e3o do Portal Cariri em A\u00e7\u00e3o pelo WhatsApp (83) 9 9634.5791, (83) 9 9601-1162.<\/strong><\/p>\n","protected":false},"excerpt":{"rendered":"<p>Rede Sustentabilidade lan\u00e7ou oficialmente neste s\u00e1bado (7) a pr\u00e9-candidatura da ex-senadora e ex-ministra Marina Silva \u00e0 Presid\u00eancia da Rep\u00fablica. A pr\u00e9-candidatura de Marina foi aprovada&hellip; <\/p>\n","protected":false},"author":2,"featured_media":46883,"comment_status":"closed","ping_status":"closed","sticky":false,"template":"","format":"standard","meta":{"sfsi_plus_gutenberg_text_before_share":"","sfsi_plus_gutenberg_show_text_before_share":"","sfsi_plus_gutenberg_icon_type":"","sfsi_plus_gutenberg_icon_alignemt":"","sfsi_plus_gutenburg_max_per_row":"","footnotes":""},"categories":[11],"tags":[],"class_list":["post-46882","post","type-post","status-publish","format-standard","has-post-thumbnail","hentry","category-politica"],"_links":{"self":[{"href":"https:\/\/www.caririemacao.com\/1\/wp-json\/wp\/v2\/posts\/46882","targetHints":{"allow":["GET"]}}],"collection":[{"href":"https:\/\/www.caririemacao.com\/1\/wp-json\/wp\/v2\/posts"}],"about":[{"href":"https:\/\/www.caririemacao.com\/1\/wp-json\/wp\/v2\/types\/post"}],"author":[{"embeddable":true,"href":"https:\/\/www.caririemacao.com\/1\/wp-json\/wp\/v2\/users\/2"}],"replies":[{"embeddable":true,"href":"https:\/\/www.caririemacao.com\/1\/wp-json\/wp\/v2\/comments?post=46882"}],"version-history":[{"count":0,"href":"https:\/\/www.caririemacao.com\/1\/wp-json\/wp\/v2\/posts\/46882\/revisions"}],"wp:featuredmedia":[{"embeddable":true,"href":"https:\/\/www.caririemacao.com\/1\/wp-json\/wp\/v2\/media\/46883"}],"wp:attachment":[{"href":"https:\/\/www.caririemacao.com\/1\/wp-json\/wp\/v2\/media?parent=46882"}],"wp:term":[{"taxonomy":"category","embeddable":true,"href":"https:\/\/www.caririemacao.com\/1\/wp-json\/wp\/v2\/categories?post=46882"},{"taxonomy":"post_tag","embeddable":true,"href":"https:\/\/www.caririemacao.com\/1\/wp-json\/wp\/v2\/tags?post=46882"}],"curies":[{"name":"wp","href":"https:\/\/api.w.org\/{rel}","templated":true}]}}