{"id":46885,"date":"2018-04-08T08:42:52","date_gmt":"2018-04-08T11:42:52","guid":{"rendered":"http:\/\/caririemacao.com\/1\/?p=46885"},"modified":"2018-04-08T08:42:52","modified_gmt":"2018-04-08T11:42:52","slug":"em-10-anos-eleitorado-da-paraiba-cresceu-91-e-ultrapassou-28-milhoes","status":"publish","type":"post","link":"https:\/\/www.caririemacao.com\/1\/2018\/04\/08\/em-10-anos-eleitorado-da-paraiba-cresceu-91-e-ultrapassou-28-milhoes\/","title":{"rendered":"Em 10 anos, eleitorado da Para\u00edba cresceu 9,1% e ultrapassou 2,8 milh\u00f5es"},"content":{"rendered":"<p>Em mar\u00e7o de 2008, a Para\u00edba tinha 2.575.204 eleitores. Dez anos depois, o contingente chegou a 2.811.733 9,185, um aumento de 9,18%. Foi o segundo menor crescimento de votantes entre os estados e o Distrito Federal, ganhando apenas para o Rio Grande do Sul, que aumentou o n\u00famero de eleitores em 6,3% no per\u00edodo.\u00a0\u00a0O baixo crescimento se deve em parte ao recadastramento biom\u00e9trico na maioria das cidades ao longo dos anos. Em Patos e Sousa, no Sert\u00e3o paraibano, houve uma retra\u00e7\u00e3o no contingente de votantes.<\/p>\n<p>Todavia, o Tribunal Regional Eleitoral (TRE-PB) espera o aumento de inscri\u00e7\u00f5es. Os cidad\u00e3os que pretendem votar nas elei\u00e7\u00f5es deste ano t\u00eam at\u00e9 o dia 9 de maio para solicitar \u00e0 Justi\u00e7a Eleitoral seu t\u00edtulo de eleitor. O prazo tamb\u00e9m vale para os eleitores transferirem seu domic\u00edlio eleitoral. O primeiro turno das elei\u00e7\u00f5es deste ano ser\u00e1 realizado no dia 7 de outubro.<\/p>\n<p>Ao se dirigir ao cart\u00f3rio eleitoral, o cidad\u00e3o deve levar consigo os seguintes documentos: t\u00edtulo de eleitor, caso o possua; um comprovante de resid\u00eancia (sempre que poss\u00edvel, em nome do eleitor e, para os casos de transfer\u00eancia, com anteced\u00eancia m\u00ednima de tr\u00eas meses); um documento oficial de identifica\u00e7\u00e3o pessoal contendo, no m\u00ednimo, nome, filia\u00e7\u00e3o, data de nascimento e nacionalidade; e o comprovante de quita\u00e7\u00e3o militar, quando do sexo masculino.<\/p>\n<h4>Democracia e direitos civis<\/h4>\n<p>O juiz do TRE-PB, Breno Wanderley, explica que a Constitui\u00e7\u00e3o Federal, em seu artigo 14, par\u00e1grafo 1\u00ba, estabelece que o alistamento eleitoral e o voto s\u00e3o obrigat\u00f3rios para os maiores de 18 anos. Todavia, brasileiros de 16 e 17 anos tamb\u00e9m podem tirar o t\u00edtulo de eleitor. O magistrado tamb\u00e9m da import\u00e2ncia do alistamento para a democracia e quest\u00f5es civis.<\/p>\n<p>\u201cO alistamento tem import\u00e2ncia para a democracia. Para que ela se consolide, \u00e9 necess\u00e1rio que as pessoas possam no dia da elei\u00e7\u00e3o possam realmente escolher seus candidatos e votar conscientemente. Tamb\u00e9m existe a quest\u00e3o de ordem civil. Aquele que n\u00e3o exerce o direito do voto pode se prejudicar com rela\u00e7\u00e3o a concursos p\u00fablicos, tirar passaportes e outras quest\u00f5es\u201d, ressaltou Breno Wanderley.<\/p>\n<h4>10 maiores col\u00e9gios eleitorais<\/h4>\n<p>Em dez anos, o eleitorado de Jo\u00e3o Pessoa subiu de 437.883 para 510.136 (16,5%), enquanto Campina Grande oscilou de 264.320 para 281.010 (6,3%) . J\u00e1 em Santa Rita, o n\u00famero de votantes<br \/>\ncresceu de 81.656 para 91.922(12,5%).<\/p>\n<p>Munic\u00edpio\u00a0 \u00a0 \u00a0 \u00a0 \u00a0 \u00a0 \u00a0 \u00a0 \u00a0 \u00a0 \u00a0 \u00a0 \u00a0 \u00a0 \u00a0 \u00a0 \u00a0 Eleitores<br \/>\nMar\u00e7o\/2008\u00a0 \u00a0 \u00a0 \u00a0 \u00a0 \u00a0 \u00a0 \u00a0 \u00a0 \u00a0 \u00a0 \u00a0 \u00a0 Mar\u00e7o\/2018<\/p>\n<p>JO\u00c3O PESSOA\u00a0 \u00a0 \u00a0 \u00a0 \u00a0 \u00a0 \u00a0 \u00a0 \u00a0 \u00a0 \u00a0 \u00a0 \u00a0 \u00a0437.883\u00a0 \u00a0 \u00a0 \u00a0 \u00a0 \u00a0 \u00a0 \u00a0 \u00a0 \u00a0 \u00a0 \u00a0 \u00a0 \u00a0 \u00a0 \u00a0 \u00a0510.136<br \/>\nCAMPINA GRANDE\u00a0 \u00a0 \u00a0 \u00a0 \u00a0 \u00a0 \u00a0 \u00a0 \u00a0 264.320\u00a0 \u00a0 \u00a0 \u00a0 \u00a0 \u00a0 \u00a0 \u00a0 \u00a0 \u00a0 \u00a0 \u00a0 \u00a0 \u00a0 \u00a0 \u00a0 281.343<br \/>\nSANTA RITA\u00a0 \u00a0 \u00a0 \u00a0 \u00a0 \u00a0 \u00a0 \u00a0 \u00a0 \u00a0 \u00a0 \u00a0 \u00a0 \u00a0 \u00a0 \u00a0 81.656\u00a0 \u00a0 \u00a0 \u00a0 \u00a0 \u00a0 \u00a0 \u00a0 \u00a0 \u00a0 \u00a0 \u00a0 \u00a0 \u00a0 \u00a0 \u00a0 \u00a0 \u00a091.922<br \/>\nBAYEUX\u00a0 \u00a0 \u00a0 \u00a0 \u00a0 \u00a0 \u00a0 \u00a0 \u00a0 \u00a0 \u00a0 \u00a0 \u00a0 \u00a0 \u00a0 \u00a0 \u00a0 \u00a0 \u00a0 \u00a0 66.406\u00a0 \u00a0 \u00a0 \u00a0 \u00a0 \u00a0 \u00a0 \u00a0 \u00a0 \u00a0 \u00a0 \u00a0 \u00a0 \u00a0 \u00a0 \u00a0 \u00a0 \u00a068.799<br \/>\nPATOS\u00a0 \u00a0 \u00a0 \u00a0 \u00a0 \u00a0 \u00a0 \u00a0 \u00a0 \u00a0 \u00a0 \u00a0 \u00a0 \u00a0 \u00a0 \u00a0 \u00a0 \u00a0 \u00a0 \u00a0 \u00a0 \u00a063.936\u00a0 \u00a0 \u00a0 \u00a0 \u00a0 \u00a0 \u00a0 \u00a0 \u00a0 \u00a0 \u00a0 \u00a0 \u00a0 \u00a0 \u00a0 \u00a0 \u00a0 \u00a062.205<br \/>\nSOUSA\u00a0 \u00a0 \u00a0 \u00a0 \u00a0 \u00a0 \u00a0 \u00a0 \u00a0 \u00a0 \u00a0 \u00a0 \u00a0 \u00a0 \u00a0 \u00a0 \u00a0 \u00a0 \u00a0 \u00a0 \u00a0 \u00a044.443\u00a0 \u00a0 \u00a0 \u00a0 \u00a0 \u00a0 \u00a0 \u00a0 \u00a0 \u00a0 \u00a0 \u00a0 \u00a0 \u00a0 \u00a0 \u00a0 \u00a0 \u00a043.884<br \/>\nCABEDELO\u00a0 \u00a0 \u00a0 \u00a0 \u00a0 \u00a0 \u00a0 \u00a0 \u00a0 \u00a0 \u00a0 \u00a0 \u00a0 \u00a0 \u00a0 \u00a0 \u00a0 \u00a0 36.335\u00a0 \u00a0 \u00a0 \u00a0 \u00a0 \u00a0 \u00a0 \u00a0 \u00a0 \u00a0 \u00a0 \u00a0 \u00a0 \u00a0 \u00a0 \u00a0 \u00a0 \u00a045.685<br \/>\nCAJAZEIRAS\u00a0 \u00a0 \u00a0 \u00a0 \u00a0 \u00a0 \u00a0 \u00a0 \u00a0 \u00a0 \u00a0 \u00a0 \u00a0 \u00a0 \u00a0 \u00a0 40.757\u00a0 \u00a0 \u00a0 \u00a0 \u00a0 \u00a0 \u00a0 \u00a0 \u00a0 \u00a0 \u00a0 \u00a0 \u00a0 \u00a0 \u00a0 \u00a0 \u00a0 \u00a0 42.958<br \/>\nGUARABIRA\u00a0 \u00a0 \u00a0 \u00a0 \u00a0 \u00a0 \u00a0 \u00a0 \u00a0 \u00a0 \u00a0 \u00a0 \u00a0 \u00a0 \u00a0 \u00a0 \u00a036.032\u00a0 \u00a0 \u00a0 \u00a0 \u00a0 \u00a0 \u00a0 \u00a0 \u00a0 \u00a0 \u00a0 \u00a0 \u00a0 \u00a0 \u00a0 \u00a0 \u00a0 \u00a039.454<br \/>\nMAMANGUAPE\u00a0 \u00a0 \u00a0 \u00a0 \u00a0 \u00a0 \u00a0 \u00a0 \u00a0 \u00a0 \u00a0 \u00a0 \u00a0 \u00a028.751\u00a0 \u00a0 \u00a0 \u00a0 \u00a0 \u00a0 \u00a0 \u00a0 \u00a0 \u00a0 \u00a0 \u00a0 \u00a0 \u00a0 \u00a0 \u00a0 \u00a0 \u00a0 30.585<\/p>\n<p><strong>CARIRI EM A\u00c7\u00c3O<\/strong><\/p>\n<p><em>Com Jornal da Para\u00edba\/Foto: Reprodu\u00e7\u00e3o Internet<\/em><\/p>\n<p><strong>Leia mais not\u00edcias em\u00a0<\/strong><a href=\"http:\/\/www.caririemacao.com\/\"><strong>caririemacao.com<\/strong><\/a><strong>, siga nossa p\u00e1gina no\u00a0<\/strong><a href=\"https:\/\/www.facebook.com\/CaririEmAcao\/?ref=aymt_homepage_panel\"><strong>Facebook<\/strong><\/a>,<strong>\u00a0<\/strong><a href=\"https:\/\/www.instagram.com\/cariri_em_acao\/?hl=pt-br\"><strong>Instagram<\/strong><\/a><strong>\u00a0e\u00a0<\/strong><a href=\"https:\/\/www.youtube.com\/channel\/UCAptA0jQuYQy8vMhLt2m4qg\"><strong>Youtube<\/strong><\/a><strong>\u00a0e veja nossas mat\u00e9rias, v\u00eddeos e fotos. Voc\u00ea tamb\u00e9m pode enviar informa\u00e7\u00f5es \u00e0 Reda\u00e7\u00e3o do Portal Cariri em A\u00e7\u00e3o pelo WhatsApp (83) 9 9634.5791, (83) 9 9601-1162.<\/strong><\/p>\n","protected":false},"excerpt":{"rendered":"<p>Em mar\u00e7o de 2008, a Para\u00edba tinha 2.575.204 eleitores. Dez anos depois, o contingente chegou a 2.811.733 9,185, um aumento de 9,18%. Foi o segundo&hellip; <\/p>\n","protected":false},"author":2,"featured_media":46886,"comment_status":"closed","ping_status":"closed","sticky":false,"template":"","format":"standard","meta":{"sfsi_plus_gutenberg_text_before_share":"","sfsi_plus_gutenberg_show_text_before_share":"","sfsi_plus_gutenberg_icon_type":"","sfsi_plus_gutenberg_icon_alignemt":"","sfsi_plus_gutenburg_max_per_row":"","footnotes":""},"categories":[11],"tags":[],"class_list":["post-46885","post","type-post","status-publish","format-standard","has-post-thumbnail","hentry","category-politica"],"_links":{"self":[{"href":"https:\/\/www.caririemacao.com\/1\/wp-json\/wp\/v2\/posts\/46885","targetHints":{"allow":["GET"]}}],"collection":[{"href":"https:\/\/www.caririemacao.com\/1\/wp-json\/wp\/v2\/posts"}],"about":[{"href":"https:\/\/www.caririemacao.com\/1\/wp-json\/wp\/v2\/types\/post"}],"author":[{"embeddable":true,"href":"https:\/\/www.caririemacao.com\/1\/wp-json\/wp\/v2\/users\/2"}],"replies":[{"embeddable":true,"href":"https:\/\/www.caririemacao.com\/1\/wp-json\/wp\/v2\/comments?post=46885"}],"version-history":[{"count":0,"href":"https:\/\/www.caririemacao.com\/1\/wp-json\/wp\/v2\/posts\/46885\/revisions"}],"wp:featuredmedia":[{"embeddable":true,"href":"https:\/\/www.caririemacao.com\/1\/wp-json\/wp\/v2\/media\/46886"}],"wp:attachment":[{"href":"https:\/\/www.caririemacao.com\/1\/wp-json\/wp\/v2\/media?parent=46885"}],"wp:term":[{"taxonomy":"category","embeddable":true,"href":"https:\/\/www.caririemacao.com\/1\/wp-json\/wp\/v2\/categories?post=46885"},{"taxonomy":"post_tag","embeddable":true,"href":"https:\/\/www.caririemacao.com\/1\/wp-json\/wp\/v2\/tags?post=46885"}],"curies":[{"name":"wp","href":"https:\/\/api.w.org\/{rel}","templated":true}]}}