{"id":46889,"date":"2018-04-08T10:22:53","date_gmt":"2018-04-08T13:22:53","guid":{"rendered":"http:\/\/caririemacao.com\/1\/?p=46889"},"modified":"2018-04-08T10:23:37","modified_gmt":"2018-04-08T13:23:37","slug":"vereador-concede-titulo-de-cidadao-saojoanense-ao-ex-secretario-joao-azevedo","status":"publish","type":"post","link":"https:\/\/www.caririemacao.com\/1\/2018\/04\/08\/vereador-concede-titulo-de-cidadao-saojoanense-ao-ex-secretario-joao-azevedo\/","title":{"rendered":"George Aquino apresenta T\u00edtulo de Cidad\u00e3o s\u00e3ojoanense para Jo\u00e3o Azevedo"},"content":{"rendered":"<p>Foi aprovado na noite desta sexta-feira (06), o T\u00edtulo de Cidadania s\u00e3ojoanense ao ex- secret\u00e1rio de recursos h\u00eddricos, de meio ambiente e da ci\u00eancia e tecnologia, Jo\u00e3o Azevedo.<\/p>\n<p>A proposta foi apresentada pelo vereador George Aquino (PSB) e foi aprovada por unanimidade pelo parlamento.<\/p>\n<p>De acordo com o vereador George, a concess\u00e3o do t\u00edtulo \u00e9 um reconhecimento pelo trabalho que o ex-secret\u00e1rio fez pelo Cariri, em especial, pela cidade de S\u00e3o Jo\u00e3o do Cariri.<\/p>\n<p>\u201cJo\u00e3o Azevedo deu todos os seus esfor\u00e7os para melhorar a vida de milhares de paraibanos, al\u00e9m de contribuir para o desenvolvimento de S\u00e3o Jo\u00e3o do Cariri\u201d, enfatizou o parlamentar.<\/p>\n<p>Ap\u00f3s a aprova\u00e7\u00e3o, George Aquino agradeceu aos seus colegas vereadores pelo reconhecimento dado ao secret\u00e1rio que no ano de 2017 se destacou como secret\u00e1rio mais atuante da regi\u00e3o do Cariri.<\/p>\n<p>George ainda fez men\u00e7\u00e3o as grandes obras que foram coordenadas pelo ex-secret\u00e1rio, como anel vi\u00e1rio do Cariri, a constru\u00e7\u00e3o de adutoras, perfura\u00e7\u00e3o de po\u00e7os, reforma de escolas, entre outras obras que beneficiam a regi\u00e3o do Cariri e de forma especial ao munic\u00edpio de S\u00e3o Jo\u00e3o do Cariri.<\/p>\n<p><strong>CARIRI EM A\u00c7\u00c3O<\/strong><\/p>\n<p><strong>Leia mais not\u00edcias em\u00a0<\/strong><a href=\"http:\/\/www.caririemacao.com\/\"><strong>caririemacao.com<\/strong><\/a><strong>, siga nossa p\u00e1gina no\u00a0<\/strong><a href=\"https:\/\/www.facebook.com\/CaririEmAcao\/?ref=aymt_homepage_panel\"><strong>Facebook<\/strong><\/a>,<strong>\u00a0<\/strong><a href=\"https:\/\/www.instagram.com\/cariri_em_acao\/?hl=pt-br\"><strong>Instagram<\/strong><\/a><strong>\u00a0e <\/strong><a href=\"https:\/\/www.youtube.com\/channel\/UCAptA0jQuYQy8vMhLt2m4qg\"><strong>Youtube<\/strong><\/a><strong>\u00a0e veja nossas mat\u00e9rias, v\u00eddeos e fotos. Voc\u00ea tamb\u00e9m pode enviar informa\u00e7\u00f5es \u00e0 Reda\u00e7\u00e3o do Portal Cariri em A\u00e7\u00e3o pelo WhatsApp (83) 9 9634.5791, (83) 9 9601-1162.<\/strong><\/p>\n","protected":false},"excerpt":{"rendered":"<p>Foi aprovado na noite desta sexta-feira (06), o T\u00edtulo de Cidadania s\u00e3ojoanense ao ex- secret\u00e1rio de recursos h\u00eddricos, de meio ambiente e da ci\u00eancia e&hellip; <\/p>\n","protected":false},"author":2,"featured_media":46790,"comment_status":"closed","ping_status":"closed","sticky":false,"template":"","format":"standard","meta":{"sfsi_plus_gutenberg_text_before_share":"","sfsi_plus_gutenberg_show_text_before_share":"","sfsi_plus_gutenberg_icon_type":"","sfsi_plus_gutenberg_icon_alignemt":"","sfsi_plus_gutenburg_max_per_row":"","footnotes":""},"categories":[11],"tags":[],"class_list":["post-46889","post","type-post","status-publish","format-standard","has-post-thumbnail","hentry","category-politica"],"_links":{"self":[{"href":"https:\/\/www.caririemacao.com\/1\/wp-json\/wp\/v2\/posts\/46889","targetHints":{"allow":["GET"]}}],"collection":[{"href":"https:\/\/www.caririemacao.com\/1\/wp-json\/wp\/v2\/posts"}],"about":[{"href":"https:\/\/www.caririemacao.com\/1\/wp-json\/wp\/v2\/types\/post"}],"author":[{"embeddable":true,"href":"https:\/\/www.caririemacao.com\/1\/wp-json\/wp\/v2\/users\/2"}],"replies":[{"embeddable":true,"href":"https:\/\/www.caririemacao.com\/1\/wp-json\/wp\/v2\/comments?post=46889"}],"version-history":[{"count":0,"href":"https:\/\/www.caririemacao.com\/1\/wp-json\/wp\/v2\/posts\/46889\/revisions"}],"wp:featuredmedia":[{"embeddable":true,"href":"https:\/\/www.caririemacao.com\/1\/wp-json\/wp\/v2\/media\/46790"}],"wp:attachment":[{"href":"https:\/\/www.caririemacao.com\/1\/wp-json\/wp\/v2\/media?parent=46889"}],"wp:term":[{"taxonomy":"category","embeddable":true,"href":"https:\/\/www.caririemacao.com\/1\/wp-json\/wp\/v2\/categories?post=46889"},{"taxonomy":"post_tag","embeddable":true,"href":"https:\/\/www.caririemacao.com\/1\/wp-json\/wp\/v2\/tags?post=46889"}],"curies":[{"name":"wp","href":"https:\/\/api.w.org\/{rel}","templated":true}]}}