{"id":46937,"date":"2018-04-08T09:51:49","date_gmt":"2018-04-08T12:51:49","guid":{"rendered":"http:\/\/caririemacao.com\/1\/?p=46937"},"modified":"2018-04-08T09:51:49","modified_gmt":"2018-04-08T12:51:49","slug":"confira-os-jogos-deste-domingo-da-copa-integracao-de-futebol-do-cariri-2018","status":"publish","type":"post","link":"https:\/\/www.caririemacao.com\/1\/2018\/04\/08\/confira-os-jogos-deste-domingo-da-copa-integracao-de-futebol-do-cariri-2018\/","title":{"rendered":"Confira os jogos deste domingo da Copa Integra\u00e7\u00e3o de Futebol do Cariri 2018"},"content":{"rendered":"<h2>Chave A<\/h2>\n<p>Dia 08 &#8211; As 15:30h<\/p>\n<p>Em S\u00e3o Jo\u00e3o do cariri<\/p>\n<p>S\u00e3o Paulo x\u00a0 S\u00e3o Paulo de Ribeira<\/p>\n<p>Em Parari:<\/p>\n<p>Sele\u00e7\u00e3o de Parari x Para\u00edba de Gurj\u00e3o<\/p>\n<h2>Chave C<\/h2>\n<p>Em Boqueir\u00e3o &#8211; Dia 08.04.2018. As 15.30h<\/p>\n<p>Palmeiras x\u00a0 juventude de Caturite<\/p>\n<p>Em Barra de S. Miguel<\/p>\n<p>Selebarra x Sele\u00e7\u00e3o de Riacho S Ant\u00f3nio<\/p>\n<h2>Chave E<\/h2>\n<p>Em Sum\u00e9 &#8211; Dia 08.04.2018. As.15.30h<\/p>\n<p>Cruzeiro Local\u00a0 x Cruzeiro de Camala\u00fa<\/p>\n<p>Em Serra Branca<\/p>\n<p>Selebranca x Ponte Preta de S\u00e3o Domingos<\/p>\n<p><strong>CARIRI EM A\u00c7\u00c3O<\/strong><\/p>\n<p><strong>Leia mais not\u00edcias em\u00a0<\/strong><a href=\"http:\/\/www.caririemacao.com\/\"><strong>caririemacao.com<\/strong><\/a><strong>, siga nossa p\u00e1gina no\u00a0<\/strong><a href=\"https:\/\/www.facebook.com\/CaririEmAcao\/?ref=aymt_homepage_panel\"><strong>Facebook<\/strong><\/a>,<strong>\u00a0<\/strong><a href=\"https:\/\/www.instagram.com\/cariri_em_acao\/?hl=pt-br\"><strong>Instagram<\/strong><\/a><strong>\u00a0e\u00a0<\/strong><a href=\"https:\/\/www.youtube.com\/channel\/UCAptA0jQuYQy8vMhLt2m4qg\"><strong>Youtube<\/strong><\/a><strong>\u00a0e veja nossas mat\u00e9rias, v\u00eddeos e fotos. Voc\u00ea tamb\u00e9m pode enviar informa\u00e7\u00f5es \u00e0 Reda\u00e7\u00e3o do Portal Cariri em A\u00e7\u00e3o pelo WhatsApp (83) 9 9634.5791, (83) 9 9601-1162.<\/strong><\/p>\n","protected":false},"excerpt":{"rendered":"<p>Chave A Dia 08 &#8211; As 15:30h Em S\u00e3o Jo\u00e3o do cariri S\u00e3o Paulo x\u00a0 S\u00e3o Paulo de Ribeira Em Parari: Sele\u00e7\u00e3o de Parari x&hellip; <\/p>\n","protected":false},"author":2,"featured_media":46938,"comment_status":"closed","ping_status":"closed","sticky":false,"template":"","format":"standard","meta":{"sfsi_plus_gutenberg_text_before_share":"","sfsi_plus_gutenberg_show_text_before_share":"","sfsi_plus_gutenberg_icon_type":"","sfsi_plus_gutenberg_icon_alignemt":"","sfsi_plus_gutenburg_max_per_row":"","footnotes":""},"categories":[13],"tags":[],"class_list":["post-46937","post","type-post","status-publish","format-standard","has-post-thumbnail","hentry","category-esportes"],"_links":{"self":[{"href":"https:\/\/www.caririemacao.com\/1\/wp-json\/wp\/v2\/posts\/46937","targetHints":{"allow":["GET"]}}],"collection":[{"href":"https:\/\/www.caririemacao.com\/1\/wp-json\/wp\/v2\/posts"}],"about":[{"href":"https:\/\/www.caririemacao.com\/1\/wp-json\/wp\/v2\/types\/post"}],"author":[{"embeddable":true,"href":"https:\/\/www.caririemacao.com\/1\/wp-json\/wp\/v2\/users\/2"}],"replies":[{"embeddable":true,"href":"https:\/\/www.caririemacao.com\/1\/wp-json\/wp\/v2\/comments?post=46937"}],"version-history":[{"count":0,"href":"https:\/\/www.caririemacao.com\/1\/wp-json\/wp\/v2\/posts\/46937\/revisions"}],"wp:featuredmedia":[{"embeddable":true,"href":"https:\/\/www.caririemacao.com\/1\/wp-json\/wp\/v2\/media\/46938"}],"wp:attachment":[{"href":"https:\/\/www.caririemacao.com\/1\/wp-json\/wp\/v2\/media?parent=46937"}],"wp:term":[{"taxonomy":"category","embeddable":true,"href":"https:\/\/www.caririemacao.com\/1\/wp-json\/wp\/v2\/categories?post=46937"},{"taxonomy":"post_tag","embeddable":true,"href":"https:\/\/www.caririemacao.com\/1\/wp-json\/wp\/v2\/tags?post=46937"}],"curies":[{"name":"wp","href":"https:\/\/api.w.org\/{rel}","templated":true}]}}