{"id":46955,"date":"2018-04-09T08:22:15","date_gmt":"2018-04-09T11:22:15","guid":{"rendered":"http:\/\/caririemacao.com\/1\/?p=46955"},"modified":"2018-04-09T08:22:15","modified_gmt":"2018-04-09T11:22:15","slug":"concursos-e-selecoes-na-paraiba-tem-mais-de-1-mil-vagas","status":"publish","type":"post","link":"https:\/\/www.caririemacao.com\/1\/2018\/04\/09\/concursos-e-selecoes-na-paraiba-tem-mais-de-1-mil-vagas\/","title":{"rendered":"Concursos e sele\u00e7\u00f5es na Para\u00edba t\u00eam mais de 1 mil vagas"},"content":{"rendered":"<p>Pelo menos oito concursos com vagas para a Para\u00edba somam 1.111 oportunidades de emprego esta semana. Dois editais encerram suas inscri\u00e7\u00f5es nesta segunda-feira (9).<\/p>\n<p>Concurso para Pol\u00edcia Militar e Bombeiros Militar<\/p>\n<div class=\"mc-column content-text active-extra-styles \" data-block-type=\"unstyled\" data-block-weight=\"87\" data-block-id=\"4\">\n<p class=\"content-text__container \" data-track-category=\"Link no Texto\" data-track-links=\"\">Seguem abertas at\u00e9 esta segunda-feira (9) as inscri\u00e7\u00f5es para o\u00a0concurso de soldado da Pol\u00edcia Militar da Para\u00edba e do Corpo de Bombeiros Militar. S\u00e3o mil vagas oferecidas &#8211; 900 vagas para a PM, sendo 850 para o sexo masculino e 50 vagas para o sexo feminino; e 100 vagas para bombeiros &#8211; 90 para sexo masculino e 10 para sexo feminino. As inscri\u00e7\u00f5es ser\u00e3o realizadas exclusivamente pela Internet, no site IBFC. A taxa de inscri\u00e7\u00e3o pode ser paga at\u00e9 10 de abril e custa R$ 70.<\/p>\n<\/div>\n<div class=\"mc-column content-text active-extra-styles \" data-block-type=\"unstyled\" data-block-weight=\"58\" data-block-id=\"5\">\n<p class=\"content-text__container \" data-track-category=\"Link no Texto\" data-track-links=\"\">Ap\u00f3s conclus\u00e3o do curso, os aprovados recebem um sal\u00e1rio base de R$ 3.202,60 (podendo ainda receber adicional por plant\u00e3o extra remunerado at\u00e9 o valor de R$ 1.319,76), al\u00e9m de gratifica\u00e7\u00f5es espec\u00edficas decorrentes do exerc\u00edcio das fun\u00e7\u00f5es. O\u00a0edital passou por uma modifaca\u00e7\u00e3o na ter\u00e7a-feira (27) e a prova de l\u00edngua estrangeira deixou de integrar o programa do concurso.<\/p>\n<p class=\"content-text__container \" data-track-category=\"Link no Texto\" data-track-links=\"\">Concurso para hospitais universit\u00e1rios<\/p>\n<div class=\"mc-column content-text active-extra-styles \" data-block-type=\"unstyled\" data-block-weight=\"71\" data-block-id=\"10\">\n<p class=\"content-text__container \" data-track-category=\"Link no Texto\" data-track-links=\"\">A Empresa Brasileira de Servi\u00e7os Hospitalares (Ebserh) lan\u00e7ou um concurso com 20 vagas na Para\u00edba, para profissionais de sa\u00fade e administrativos.\u00a0S\u00e3o 16 vagas para m\u00e9dicos de 15 especialidade diferentes, al\u00e9m de uma vaga \u00e9 para analista administrativo, na fun\u00e7\u00e3o de Rela\u00e7\u00f5es P\u00fablicas, uma vaga para jornalista, uma apra enfermeiro, na \u00e1rea cardiol\u00f3gica, e uma para pedagogo. O per\u00edodo para inscri\u00e7\u00f5es ainda n\u00e3o foi definido e os sal\u00e1rios n\u00e3o foram divulgados.<\/p>\n<\/div>\n<div class=\"mc-column content-text active-extra-styles \" data-block-type=\"unstyled\" data-block-weight=\"45\" data-block-id=\"11\">\n<p class=\"content-text__container \" data-track-category=\"Link no Texto\" data-track-links=\"\">As vagas s\u00e3o para o Hospital Universit\u00e1rio Lauro Wanderley, da Universidade Federal da Para\u00edba (UFPB), em Jo\u00e3o Pessoa, Hospital Universit\u00e1rio Alcides Carneiro, da Universidade Federal de Campina Grande (UFCG), em Campina Grande e Hospital Universit\u00e1rio J\u00falio Maria Bandeira de Mello, tamb\u00e9m da UFCG, em Cajazeiras.<\/p>\n<\/div>\n<div class=\"mc-column content-text active-extra-styles\" data-block-type=\"raw\" data-block-weight=\"12\" data-block-id=\"12\">\n<ul class=\"content-unordered-list\">\n<li><a href=\"http:\/\/www.cespe.unb.br\/concursos\/\" target=\"_blank\" rel=\"noopener\">Confira o edital do concurso da Ebserh com vagas para a Para\u00edba<\/a><\/li>\n<\/ul>\n<\/div>\n<div class=\"mc-column content-text active-extra-styles\" data-block-type=\"raw\" data-block-weight=\"3\" data-block-id=\"13\">\n<blockquote class=\"content-blockquote theme-border-color-primary-before\"><p>Concurso para Liquig\u00e1s<\/p><\/blockquote>\n<\/div>\n<div class=\"mc-column content-text active-extra-styles \" data-block-type=\"unstyled\" data-block-weight=\"49\" data-block-id=\"14\">\n<p class=\"content-text__container \" data-track-category=\"Link no Texto\" data-track-links=\"\">O concurso da Liquig\u00e1s Distribuidora oferece vaga na Para\u00edba com sal\u00e1rio inicial de R$ 3.583,26 que, somado a comiss\u00e3o, pode chegar a R$ 6.309,26.\u00a0O edital divulgado na quarta-feira (28) prev\u00ea uma vaga direta e mais cinco em cadastro de reserva para &#8220;profissional de vendas j\u00fanior&#8221; em Jo\u00e3o Pessoa.<\/p>\n<\/div>\n<div class=\"mc-column content-text active-extra-styles \" data-block-type=\"unstyled\" data-block-weight=\"55\" data-block-id=\"15\">\n<p class=\"content-text__container \" data-track-category=\"Link no Texto\" data-track-links=\"\">As inscri\u00e7\u00f5es foram abertas na quarta-feira (28) e seguem at\u00e9 17 de abril, \u00e0s 23h59 (hor\u00e1rio de Bras\u00edlia). As taxas custam R$ 37 para concorrer aos cargos de n\u00edvel fundamental, R$ 47 para os n\u00edvel m\u00e9dio e R$ 67 para os de n\u00edvel superior. O pagamento do boleto pode ser feito at\u00e9 19 de abril.<\/p>\n<\/div>\n<div class=\"mc-column content-text active-extra-styles\" data-block-type=\"raw\" data-block-weight=\"8\" data-block-id=\"16\">\n<ul class=\"content-unordered-list\">\n<li><a href=\"http:\/\/www.cesgranrio.org.br\/pdf\/liquigas0118\/liquigas0118_edital.pdf\" target=\"_blank\" rel=\"noopener\">Confira o edital do concurso para a Liquig\u00e1s<\/a><\/li>\n<\/ul>\n<\/div>\n<div class=\"mc-column content-text active-extra-styles\" data-block-type=\"raw\" data-block-weight=\"6\" data-block-id=\"17\">\n<blockquote class=\"content-blockquote theme-border-color-primary-before\"><p>Sele\u00e7\u00e3o para professor efetivo na UFCG<\/p><\/blockquote>\n<\/div>\n<div class=\"mc-column content-media content-media--normal  content-photo\" data-block-type=\"backstage-photo\" data-block-id=\"18\">\n<div class=\"content-media__container\">\n<div class=\"content-media__description-centered \">\n<p class=\"content-media__description\"><i class=\"content-media__description__icon theme-color-primary\"><\/i><span class=\"content-media__description__caption\">Universidade Federal de Campina Grande (UFCG) (Foto: Marinilson Braga\/UFCG)<\/span><\/p>\n<\/div>\n<\/div>\n<\/div>\n<div class=\"mc-column content-text active-extra-styles \" data-block-type=\"unstyled\" data-block-weight=\"51\" data-block-id=\"20\">\n<p class=\"content-text__container \" data-track-category=\"Link no Texto\" data-track-links=\"\">A Universidade Federal de Campina Grande (UFCG) publicou um edital de concurso p\u00fablico destinado ao preenchimento de duas vagas de professor efetivo na Unidade Acad\u00eamica de Medicina do Centro de Ci\u00eancias Biol\u00f3gicas e da Sa\u00fade (CCBS), campus Campina Grande. A remunera\u00e7\u00e3o \u00e9 de R$ 2.425,37. As inscri\u00e7\u00f5es come\u00e7am na segunda-feira (2).<\/p>\n<\/div>\n<div class=\"mc-column content-text active-extra-styles \" data-block-type=\"unstyled\" data-block-weight=\"50\" data-block-id=\"21\">\n<p class=\"content-text__container \" data-track-category=\"Link no Texto\" data-track-links=\"\">As inscri\u00e7\u00f5es ser\u00e3o realizadas at\u00e9 o dia 20 de abril, das 8h \u00e0s 12h e das 14h \u00e0s 18h, em dias \u00fateis, no Protocolo Geral da UFCG, situado no campus Campina Grande, por meio de pagamento de Guia de Recolhimento da Uni\u00e3o (GRU). A taxa de inscri\u00e7\u00e3o custa R$ 75.<\/p>\n<\/div>\n<div class=\"mc-column content-text active-extra-styles\" data-block-type=\"raw\" data-block-weight=\"13\" data-block-id=\"22\">\n<ul class=\"content-unordered-list\">\n<li><a href=\"http:\/\/www.ufcg.edu.br:8080\/chamadas\/downloads\/105836.pdf\" target=\"_blank\" rel=\"noopener\">Confira o edital para o concurso de professor efetivo da UFCG em Medicina<\/a><\/li>\n<\/ul>\n<\/div>\n<div class=\"mc-column content-text active-extra-styles\" data-block-type=\"raw\" data-block-weight=\"8\" data-block-id=\"23\">\n<blockquote class=\"content-blockquote theme-border-color-primary-before\"><p>Sele\u00e7\u00e3o para professor substituto em design na UFCG<\/p><\/blockquote>\n<\/div>\n<div class=\"mc-column content-text active-extra-styles \" data-block-type=\"unstyled\" data-block-weight=\"67\" data-block-id=\"24\">\n<p class=\"content-text__container \" data-track-category=\"Link no Texto\" data-track-links=\"\">A Universidade Federal de Campina Grande (UFCG) abre inscri\u00e7\u00f5es nesta segunda-feira (2) para o processo seletivo simplificado para dois professores substitutos para o curso de design, com sal\u00e1rio b\u00e1sico de R$ 2.814.01. As vagas s\u00e3o nas \u00e1reas de teoria e pr\u00e1tica do design, com foco em materiais e processos de fabrica\u00e7\u00e3o de produtos; e teoria e pr\u00e1tica do design por meio de softwares: Indesign\/illustrator, Rhinoceros e Inventor.<\/p>\n<\/div>\n<div class=\"mc-column content-text active-extra-styles \" data-block-type=\"unstyled\" data-block-weight=\"55\" data-block-id=\"25\">\n<p class=\"content-text__container \" data-track-category=\"Link no Texto\" data-track-links=\"\">O per\u00edodo de inscri\u00e7\u00f5es segue at\u00e9 13 de abril e acontece na Secretaria da Coordena\u00e7\u00e3o Administrativa da Unidade Acad\u00eamica de Design do Centro de Ci\u00eancias e Tecnologia (UAD\/CCT), Bloco BO do campus sede. A taxa de inscri\u00e7\u00e3o \u00e9 de R$ 70. O atendimento para inscri\u00e7\u00f5es acontece das 8h \u00e0s 11h e das 14h \u00e0s 17h.<\/p>\n<\/div>\n<div class=\"mc-column content-text active-extra-styles\" data-block-type=\"raw\" data-block-weight=\"12\" data-block-id=\"26\">\n<ul class=\"content-unordered-list\">\n<li><a href=\"http:\/\/www.ufcg.edu.br:8080\/chamadas\/downloads\/670175.pdf\" target=\"_blank\" rel=\"noopener\">Confira o edital da sele\u00e7\u00e3o para professor substituto de design na UFCG<\/a><\/li>\n<\/ul>\n<\/div>\n<div class=\"mc-column content-text active-extra-styles\" data-block-type=\"raw\" data-block-weight=\"7\" data-block-id=\"27\">\n<blockquote class=\"content-blockquote theme-border-color-primary-before\"><p>Concurso para a Prefeitura de Bom Jesus<\/p><\/blockquote>\n<\/div>\n<div class=\"mc-column content-text active-extra-styles \" data-block-type=\"unstyled\" data-block-weight=\"73\" data-block-id=\"28\">\n<p class=\"content-text__container \" data-track-category=\"Link no Texto\" data-track-links=\"\">As inscri\u00e7\u00f5es para o concurso p\u00fablico da Prefeitura de Bom Jesus, no Alto Sert\u00e3o paraibano, com 83 vagas, foram abertas na segunda-feira (2), segundo o\u00a0edital divulgado pela Prefeitura. H\u00e1 vagas para diferentes n\u00edveis de forma\u00e7\u00e3o &#8211; fundamental, m\u00e9dio e superior &#8211; com sal\u00e1rios que podem chegar a R$ 2.052,76. As vagas s\u00e3o para agente e auxiliar administrativo, professor de educa\u00e7\u00e3o b\u00e1sica I, cirurgi\u00e3o dentista, motorista categoria D e auxiliar de servi\u00e7os gerais.<\/p>\n<\/div>\n<div class=\"mc-column content-text active-extra-styles \" data-block-type=\"unstyled\" data-block-weight=\"54\" data-block-id=\"30\">\n<p class=\"content-text__container \" data-track-category=\"Link no Texto\" data-track-links=\"\">Os interessados devem realizar as inscri\u00e7\u00f5es por meio de um formul\u00e1rio online,\u00a0no site da empresa organizadora, at\u00e9 as 23h59 do dia 23 deste m\u00eas, e pagar a taxa correspondente ao n\u00edvel dos cargos: R$ 60, ensino fundamental incompleto e completo; R$ 80, ensino m\u00e9dio completo e R$ 120, para o ensino superior completo.<\/p>\n<\/div>\n<div class=\"mc-column content-text active-extra-styles\" data-block-type=\"raw\" data-block-weight=\"13\" data-block-id=\"31\">\n<ul class=\"content-unordered-list\">\n<li><a href=\"http:\/\/universidadepatativa.com.br\/concursos\/pb\/bom-jesus\/001.2018\/EDITAL.pdf\" target=\"_blank\" rel=\"noopener\">Confira o edital para preenchimento de 83 vagas na Prefeitura de Bom Jesus<\/a><\/li>\n<\/ul>\n<\/div>\n<div class=\"mc-column content-text active-extra-styles\" data-block-type=\"raw\" data-block-weight=\"6\" data-block-id=\"32\">\n<blockquote class=\"content-blockquote theme-border-color-primary-before\"><p>Sele\u00e7\u00e3o para professor substituto no IFPB<\/p><\/blockquote>\n<\/div>\n<div class=\"mc-column content-text active-extra-styles \" data-block-type=\"unstyled\" data-block-weight=\"40\" data-block-id=\"33\">\n<p class=\"content-text__container \" data-track-category=\"Link no Texto\" data-track-links=\"\">O Instituto Federal de Educa\u00e7\u00e3o Ci\u00eancia e Tecnologia da Para\u00edba (IFPB) abriu processo seletivo simplificado para contratar professores substitutos em Itabaiana e Patos.\u00a0As inscri\u00e7\u00f5es est\u00e3o abertas desde segunda-feira (2) e s\u00e3o para as \u00e1reas de administra\u00e7\u00e3o, matem\u00e1tica e f\u00edsica.<\/p>\n<\/div>\n<div class=\"mc-column content-text active-extra-styles \" data-block-type=\"unstyled\" data-block-weight=\"32\" data-block-id=\"34\">\n<p class=\"content-text__container \" data-track-category=\"Link no Texto\" data-track-links=\"\">A remunera\u00e7\u00e3o inicial prevista \u00e9 de R$ 2.714,89, devendo ser ajustada conforme a titula\u00e7\u00e3o do aprovado e outras previs\u00f5es legais. A taxa de inscri\u00e7\u00e3o custa R$ 100, mas \u00e9 poss\u00edvel solicitar isen\u00e7\u00e3o.<\/p>\n<\/div>\n<div class=\"mc-column content-text active-extra-styles \" data-block-type=\"unstyled\" data-block-weight=\"28\" data-block-id=\"35\">\n<p class=\"content-text__container \" data-track-category=\"Link no Texto\" data-track-links=\"\">Em Patos, est\u00e3o previstas duas vagas, sendo uma para professor na \u00e1rea de administra\u00e7\u00e3o e outra na \u00e1rea de matem\u00e1tica e as inscri\u00e7\u00f5es seguem at\u00e9 esta segunda-feira (9).<\/p>\n<\/div>\n<div class=\"mc-column content-text active-extra-styles\" data-block-type=\"raw\" data-block-weight=\"11\" data-block-id=\"36\">\n<ul class=\"content-unordered-list\">\n<li><a href=\"https:\/\/www.ifpb.edu.br\/concursopublico\/professor-substituto\/vigentes\/edital-27-2018-campus-patos\" target=\"_blank\" rel=\"noopener\">Veja o edital da sele\u00e7\u00e3o para professor do IFPB em Patos<\/a><\/li>\n<\/ul>\n<\/div>\n<div class=\"mc-column content-text active-extra-styles \" data-block-type=\"unstyled\" data-block-weight=\"51\" data-block-id=\"37\">\n<p class=\"content-text__container \" data-track-category=\"Link no Texto\" data-track-links=\"\">Em Itabaiana, h\u00e1 uma vaga sendo ofertada para professor de f\u00edsica e as inscri\u00e7\u00f5es podem ser feitas at\u00e9 o dia 13 de abril. A exig\u00eancia \u00e9 que o candidato tenha licenciatura em f\u00edsica ou gradua\u00e7\u00e3o com forma\u00e7\u00e3o pedag\u00f3gica para as disciplinas de f\u00edsica no ensino m\u00e9dio ou segunda licenciatura em f\u00edsica.<\/p>\n<\/div>\n<div data-track-category=\"fim do conteudo\" data-track-action=\"ultimo chunk conteudo\" data-track-noninteraction=\"false\" data-track-scroll=\"entrada completa viewport\">\n<div class=\"mc-column content-text active-extra-styles\" data-block-type=\"raw\" data-block-weight=\"11\" data-block-id=\"38\">\n<ul class=\"content-unordered-list\">\n<li><a href=\"https:\/\/www.ifpb.edu.br\/concursopublico\/professor-substituto\/vigentes\/edital-28-2018-campus-itabaiana\" target=\"_blank\" rel=\"noopener\">Veja o edital da sele\u00e7\u00e3o para professor do IFPB em Itabaiana<\/a><\/li>\n<\/ul>\n<p><strong>CARIRI EM A\u00c7\u00c3O<\/strong><\/p>\n<p><em>Com G1\/Foto: Reprodu\u00e7\u00e3o Internet<\/em><\/p>\n<p><strong>Leia mais not\u00edcias em\u00a0<\/strong><a href=\"http:\/\/www.caririemacao.com\/\"><strong>caririemacao.com<\/strong><\/a><strong>, siga nossa p\u00e1gina no\u00a0<\/strong><a href=\"https:\/\/www.facebook.com\/CaririEmAcao\/?ref=aymt_homepage_panel\"><strong>Facebook<\/strong><\/a>,<strong>\u00a0<\/strong><a href=\"https:\/\/www.instagram.com\/cariri_em_acao\/?hl=pt-br\"><strong>Instagram<\/strong><\/a><strong>\u00a0e\u00a0<\/strong><a href=\"https:\/\/www.youtube.com\/channel\/UCAptA0jQuYQy8vMhLt2m4qg\"><strong>Youtube<\/strong><\/a><strong>\u00a0e veja nossas mat\u00e9rias, v\u00eddeos e fotos. Voc\u00ea tamb\u00e9m pode enviar informa\u00e7\u00f5es \u00e0 Reda\u00e7\u00e3o do Portal Cariri em A\u00e7\u00e3o pelo WhatsApp (83) 9 9634.5791, (83) 9 9601-1162.<\/strong><\/p>\n<\/div>\n<\/div>\n<\/div>\n","protected":false},"excerpt":{"rendered":"<p>Pelo menos oito concursos com vagas para a Para\u00edba somam 1.111 oportunidades de emprego esta semana. Dois editais encerram suas inscri\u00e7\u00f5es nesta segunda-feira (9). Concurso&hellip; <\/p>\n","protected":false},"author":2,"featured_media":42165,"comment_status":"closed","ping_status":"closed","sticky":false,"template":"","format":"standard","meta":{"sfsi_plus_gutenberg_text_before_share":"","sfsi_plus_gutenberg_show_text_before_share":"","sfsi_plus_gutenberg_icon_type":"","sfsi_plus_gutenberg_icon_alignemt":"","sfsi_plus_gutenburg_max_per_row":"","footnotes":""},"categories":[2],"tags":[],"class_list":["post-46955","post","type-post","status-publish","format-standard","has-post-thumbnail","hentry","category-geral"],"_links":{"self":[{"href":"https:\/\/www.caririemacao.com\/1\/wp-json\/wp\/v2\/posts\/46955","targetHints":{"allow":["GET"]}}],"collection":[{"href":"https:\/\/www.caririemacao.com\/1\/wp-json\/wp\/v2\/posts"}],"about":[{"href":"https:\/\/www.caririemacao.com\/1\/wp-json\/wp\/v2\/types\/post"}],"author":[{"embeddable":true,"href":"https:\/\/www.caririemacao.com\/1\/wp-json\/wp\/v2\/users\/2"}],"replies":[{"embeddable":true,"href":"https:\/\/www.caririemacao.com\/1\/wp-json\/wp\/v2\/comments?post=46955"}],"version-history":[{"count":0,"href":"https:\/\/www.caririemacao.com\/1\/wp-json\/wp\/v2\/posts\/46955\/revisions"}],"wp:featuredmedia":[{"embeddable":true,"href":"https:\/\/www.caririemacao.com\/1\/wp-json\/wp\/v2\/media\/42165"}],"wp:attachment":[{"href":"https:\/\/www.caririemacao.com\/1\/wp-json\/wp\/v2\/media?parent=46955"}],"wp:term":[{"taxonomy":"category","embeddable":true,"href":"https:\/\/www.caririemacao.com\/1\/wp-json\/wp\/v2\/categories?post=46955"},{"taxonomy":"post_tag","embeddable":true,"href":"https:\/\/www.caririemacao.com\/1\/wp-json\/wp\/v2\/tags?post=46955"}],"curies":[{"name":"wp","href":"https:\/\/api.w.org\/{rel}","templated":true}]}}