{"id":46957,"date":"2018-04-09T08:25:23","date_gmt":"2018-04-09T11:25:23","guid":{"rendered":"http:\/\/caririemacao.com\/1\/?p=46957"},"modified":"2018-04-09T08:25:23","modified_gmt":"2018-04-09T11:25:23","slug":"menina-segue-desaparecida-em-rio-da-pb-apos-23-horas-buscas-continuam","status":"publish","type":"post","link":"https:\/\/www.caririemacao.com\/1\/2018\/04\/09\/menina-segue-desaparecida-em-rio-da-pb-apos-23-horas-buscas-continuam\/","title":{"rendered":"Menina segue desaparecida em rio da PB ap\u00f3s 23 horas; buscas continuam"},"content":{"rendered":"<div class=\"mc-column content-text active-extra-styles active-capital-letter\" data-block-type=\"unstyled\" data-block-weight=\"52\" data-block-id=\"2\">\n<p class=\"content-text__container theme-color-primary-first-letter\" data-track-category=\"Link no Texto\" data-track-links=\"\">As buscas por\u00a0uma adolescente de 12 anos, desaparecida no in\u00edcio da tarde deste s\u00e1bado (7), no Rio Piranhas, no trecho do munic\u00edpio de Aparecida, no Sert\u00e3o paraibano, continuam neste domingo (8). Ela desapareceu enquanto brincava no rio no in\u00edcio da tarde do s\u00e1bado, e as buscas come\u00e7aram por volta das 13h30.<\/p>\n<\/div>\n<div class=\"mc-column content-text active-extra-styles \" data-block-type=\"unstyled\" data-block-weight=\"31\" data-block-id=\"3\">\n<p class=\"content-text__container \" data-track-category=\"Link no Texto\" data-track-links=\"\">Na noite deste s\u00e1bado (7), as buscas &#8211; realizadas pelo 6\u00ba Batalh\u00e3o do Corpo de Bombeiros Militar da Para\u00edba, de Sousa &#8211; tinham sido suspensas por conta da falta de visibilidade.<\/p>\n<\/div>\n<div class=\"mc-column content-text active-extra-styles \" data-block-type=\"unstyled\" data-block-weight=\"30\" data-block-id=\"4\">\n<p class=\"content-text__container \" data-track-category=\"Link no Texto\" data-track-links=\"\">De acordo com o Corpo de Bombeiros, testemunhas relataram que duas crian\u00e7as tamb\u00e9m brincavam no rio, mas foram resgatadas por pessoas que passavam no local, na tarde do s\u00e1bado (7).<\/p>\n<\/div>\n<div class=\"mc-column content-text active-extra-styles \" data-block-type=\"unstyled\" data-block-weight=\"34\" data-block-id=\"5\">\n<p class=\"content-text__container \" data-track-category=\"Link no Texto\" data-track-links=\"\">Segundo a assessoria da corpora\u00e7\u00e3o, as buscas foram reiniciadas na manh\u00e3 deste domingo (8), com apoio de equipes de mergulho de Jo\u00e3o Pessoa, para auxiliar nos procedimentos na \u00e1rea de remanso do Rio Piranhas.<\/p>\n<\/div>\n<div data-track-category=\"fim do conteudo\" data-track-action=\"ultimo chunk conteudo\" data-track-noninteraction=\"false\" data-track-scroll=\"entrada completa viewport\">\n<div class=\"mc-column content-text active-extra-styles \" data-block-type=\"unstyled\" data-block-weight=\"48\" data-block-id=\"6\">\n<p class=\"content-text__container \" data-track-category=\"Link no Texto\" data-track-links=\"\">Ainda de acordo com o Corpo de Bombeiros, as buscas n\u00e3o est\u00e3o bem sucedidas, por conta do aumento da correnteza e do volume das \u00e1guas, devido \u00e0s chuvas ca\u00eddas na regi\u00e3o, nesta manh\u00e3. Caso a adolescente n\u00e3o seja localizada, as buscas ser\u00e3o encerradas \u00e0s 18h do \u00faltimo domingo (8).<\/p>\n<p><strong>CARIRI EM A\u00c7\u00c3O<\/strong><\/p>\n<p><em>Com G1\/Foto: G1<\/em><\/p>\n<p><strong>Leia mais not\u00edcias em\u00a0<\/strong><a href=\"http:\/\/www.caririemacao.com\/\"><strong>caririemacao.com<\/strong><\/a><strong>, siga nossa p\u00e1gina no\u00a0<\/strong><a href=\"https:\/\/www.facebook.com\/CaririEmAcao\/?ref=aymt_homepage_panel\"><strong>Facebook<\/strong><\/a>,<strong>\u00a0<\/strong><a href=\"https:\/\/www.instagram.com\/cariri_em_acao\/?hl=pt-br\"><strong>Instagram<\/strong><\/a><strong>\u00a0e\u00a0<\/strong><a href=\"https:\/\/www.youtube.com\/channel\/UCAptA0jQuYQy8vMhLt2m4qg\"><strong>Youtube<\/strong><\/a><strong>\u00a0e veja nossas mat\u00e9rias, v\u00eddeos e fotos. Voc\u00ea tamb\u00e9m pode enviar informa\u00e7\u00f5es \u00e0 Reda\u00e7\u00e3o do Portal Cariri em A\u00e7\u00e3o pelo WhatsApp (83) 9 9634.5791, (83) 9 9601-1162.<\/strong><\/p>\n<\/div>\n<\/div>\n","protected":false},"excerpt":{"rendered":"<p>As buscas por\u00a0uma adolescente de 12 anos, desaparecida no in\u00edcio da tarde deste s\u00e1bado (7), no Rio Piranhas, no trecho do munic\u00edpio de Aparecida, no&hellip; <\/p>\n","protected":false},"author":2,"featured_media":46958,"comment_status":"closed","ping_status":"closed","sticky":false,"template":"","format":"standard","meta":{"sfsi_plus_gutenberg_text_before_share":"","sfsi_plus_gutenberg_show_text_before_share":"","sfsi_plus_gutenberg_icon_type":"","sfsi_plus_gutenberg_icon_alignemt":"","sfsi_plus_gutenburg_max_per_row":"","footnotes":""},"categories":[12],"tags":[],"class_list":["post-46957","post","type-post","status-publish","format-standard","has-post-thumbnail","hentry","category-policia"],"_links":{"self":[{"href":"https:\/\/www.caririemacao.com\/1\/wp-json\/wp\/v2\/posts\/46957","targetHints":{"allow":["GET"]}}],"collection":[{"href":"https:\/\/www.caririemacao.com\/1\/wp-json\/wp\/v2\/posts"}],"about":[{"href":"https:\/\/www.caririemacao.com\/1\/wp-json\/wp\/v2\/types\/post"}],"author":[{"embeddable":true,"href":"https:\/\/www.caririemacao.com\/1\/wp-json\/wp\/v2\/users\/2"}],"replies":[{"embeddable":true,"href":"https:\/\/www.caririemacao.com\/1\/wp-json\/wp\/v2\/comments?post=46957"}],"version-history":[{"count":0,"href":"https:\/\/www.caririemacao.com\/1\/wp-json\/wp\/v2\/posts\/46957\/revisions"}],"wp:featuredmedia":[{"embeddable":true,"href":"https:\/\/www.caririemacao.com\/1\/wp-json\/wp\/v2\/media\/46958"}],"wp:attachment":[{"href":"https:\/\/www.caririemacao.com\/1\/wp-json\/wp\/v2\/media?parent=46957"}],"wp:term":[{"taxonomy":"category","embeddable":true,"href":"https:\/\/www.caririemacao.com\/1\/wp-json\/wp\/v2\/categories?post=46957"},{"taxonomy":"post_tag","embeddable":true,"href":"https:\/\/www.caririemacao.com\/1\/wp-json\/wp\/v2\/tags?post=46957"}],"curies":[{"name":"wp","href":"https:\/\/api.w.org\/{rel}","templated":true}]}}