{"id":46960,"date":"2018-04-09T08:28:56","date_gmt":"2018-04-09T11:28:56","guid":{"rendered":"http:\/\/caririemacao.com\/1\/?p=46960"},"modified":"2018-04-09T08:28:56","modified_gmt":"2018-04-09T11:28:56","slug":"tres-secretarios-da-pmjp-sao-exonerados-para-concorrer-as-eleicoes-2018","status":"publish","type":"post","link":"https:\/\/www.caririemacao.com\/1\/2018\/04\/09\/tres-secretarios-da-pmjp-sao-exonerados-para-concorrer-as-eleicoes-2018\/","title":{"rendered":"Tr\u00eas secret\u00e1rios da PMJP s\u00e3o exonerados para concorrer \u00e0s elei\u00e7\u00f5es 2018"},"content":{"rendered":"<p>No \u00faltimo dia do prazo para desincompatibiliza\u00e7\u00e3o de cargos para quem pretende concorrer \u00e0s elei\u00e7\u00f5es de 2018, o prefeito e Jo\u00e3o Pessoa e presidente estadual do Partido Verde (PV), Luciano Cartaxo, exonerou neste s\u00e1bado (7), atrav\u00e9s do Seman\u00e1rio Oficial da Prefeitura de Jo\u00e3o Pessoa (PMJP), tr\u00eas nomes importantes da administra\u00e7\u00e3o municipal, que passar\u00e3o a se dedicar ao pleito eleitoral deste ano.<\/p>\n<p>Ingressam no PV, o superintendente do Instituto de Previd\u00eancia do Munic\u00edpio (IPM), Diego Tavares, o secret\u00e1rio de Articula\u00e7\u00e3o Pol\u00edtica e Gest\u00e3o, Zennedy Bezerra, al\u00e9m do secret\u00e1rio-adjunto de Finan\u00e7as, Marco Ant\u00f4nio Queiroga.<\/p>\n<p>De acordo com o prefeito, as mudan\u00e7as ocorridas antes da janela eleitoral, refor\u00e7am a amplia\u00e7\u00e3o do PV em todo estado. \u201cS\u00e3o quadros experientes, na pol\u00edtica e na gest\u00e3o, que ter\u00e3o um papel fundamental a desempenhar nas elei\u00e7\u00f5es deste ano. Vamos fortalecer a coordena\u00e7\u00e3o de pr\u00e9-campanha para a majorit\u00e1ria, ampliar a participa\u00e7\u00e3o do partido em todas as regi\u00f5es do estado e trazer novos nomes para participar do pleito,\u201d comentou.<\/p>\n<p>A previs\u00e3o \u00e9 que at\u00e9 a pr\u00f3xima semana, o prefeito de Jo\u00e3o Pessoa divulgue os nomes dos respons\u00e1veis por comandar as pastas, ainda que interinamente.<\/p>\n<p><strong>CARIRI EM A\u00c7\u00c3O<\/strong><\/p>\n<p><em>Com Jornal da Para\u00edba\/Foto: Reprodu\u00e7\u00e3o Internet<\/em><\/p>\n<p><strong>Leia mais not\u00edcias em\u00a0<\/strong><a href=\"http:\/\/www.caririemacao.com\/\"><strong>caririemacao.com<\/strong><\/a><strong>, siga nossa p\u00e1gina no\u00a0<\/strong><a href=\"https:\/\/www.facebook.com\/CaririEmAcao\/?ref=aymt_homepage_panel\"><strong>Facebook<\/strong><\/a>,<strong>\u00a0<\/strong><a href=\"https:\/\/www.instagram.com\/cariri_em_acao\/?hl=pt-br\"><strong>Instagram<\/strong><\/a><strong>\u00a0e\u00a0<\/strong><a href=\"https:\/\/www.youtube.com\/channel\/UCAptA0jQuYQy8vMhLt2m4qg\"><strong>Youtube<\/strong><\/a><strong>\u00a0e veja nossas mat\u00e9rias, v\u00eddeos e fotos. Voc\u00ea tamb\u00e9m pode enviar informa\u00e7\u00f5es \u00e0 Reda\u00e7\u00e3o do Portal Cariri em A\u00e7\u00e3o pelo WhatsApp (83) 9 9634.5791, (83) 9 9601-1162.<\/strong><\/p>\n","protected":false},"excerpt":{"rendered":"<p>No \u00faltimo dia do prazo para desincompatibiliza\u00e7\u00e3o de cargos para quem pretende concorrer \u00e0s elei\u00e7\u00f5es de 2018, o prefeito e Jo\u00e3o Pessoa e presidente estadual&hellip; <\/p>\n","protected":false},"author":2,"featured_media":40761,"comment_status":"closed","ping_status":"closed","sticky":false,"template":"","format":"standard","meta":{"sfsi_plus_gutenberg_text_before_share":"","sfsi_plus_gutenberg_show_text_before_share":"","sfsi_plus_gutenberg_icon_type":"","sfsi_plus_gutenberg_icon_alignemt":"","sfsi_plus_gutenburg_max_per_row":"","footnotes":""},"categories":[1],"tags":[],"class_list":["post-46960","post","type-post","status-publish","format-standard","has-post-thumbnail","hentry","category-o-site"],"_links":{"self":[{"href":"https:\/\/www.caririemacao.com\/1\/wp-json\/wp\/v2\/posts\/46960","targetHints":{"allow":["GET"]}}],"collection":[{"href":"https:\/\/www.caririemacao.com\/1\/wp-json\/wp\/v2\/posts"}],"about":[{"href":"https:\/\/www.caririemacao.com\/1\/wp-json\/wp\/v2\/types\/post"}],"author":[{"embeddable":true,"href":"https:\/\/www.caririemacao.com\/1\/wp-json\/wp\/v2\/users\/2"}],"replies":[{"embeddable":true,"href":"https:\/\/www.caririemacao.com\/1\/wp-json\/wp\/v2\/comments?post=46960"}],"version-history":[{"count":0,"href":"https:\/\/www.caririemacao.com\/1\/wp-json\/wp\/v2\/posts\/46960\/revisions"}],"wp:featuredmedia":[{"embeddable":true,"href":"https:\/\/www.caririemacao.com\/1\/wp-json\/wp\/v2\/media\/40761"}],"wp:attachment":[{"href":"https:\/\/www.caririemacao.com\/1\/wp-json\/wp\/v2\/media?parent=46960"}],"wp:term":[{"taxonomy":"category","embeddable":true,"href":"https:\/\/www.caririemacao.com\/1\/wp-json\/wp\/v2\/categories?post=46960"},{"taxonomy":"post_tag","embeddable":true,"href":"https:\/\/www.caririemacao.com\/1\/wp-json\/wp\/v2\/tags?post=46960"}],"curies":[{"name":"wp","href":"https:\/\/api.w.org\/{rel}","templated":true}]}}