{"id":46962,"date":"2018-04-09T08:33:01","date_gmt":"2018-04-09T11:33:01","guid":{"rendered":"http:\/\/caririemacao.com\/1\/?p=46962"},"modified":"2018-04-09T08:33:01","modified_gmt":"2018-04-09T11:33:01","slug":"deputado-trocolli-sofre-acidente-na-praca-do-meio-do-mundo","status":"publish","type":"post","link":"https:\/\/www.caririemacao.com\/1\/2018\/04\/09\/deputado-trocolli-sofre-acidente-na-praca-do-meio-do-mundo\/","title":{"rendered":"Deputado Tr\u00f3colli sofre acidente na Pra\u00e7a do Meio do Mundo"},"content":{"rendered":"<p>Um grave acidente na BR 230 envolvendo o deputado estadual Tr\u00f3colli Junior foi causado pelas fortes chuvas no final de tarde do \u00faltimo domingo (08).<\/p>\n<p>De acordo com o relatado pelo pr\u00f3prio parlamentar, o ve\u00edculo capotou tr\u00eas vezes ap\u00f3s perder ader\u00eancia devido a estrada molhada. O motorista foi identificado como Roberto Soares e no ve\u00edculo tamb\u00e9m estavam presentes o ex-vereador de Princesa Isabel, Pacheco e Paulo Dantas.<\/p>\n<p>O acidente aconteceu h\u00e1 500 metros do Posto da Farinha, entre S\u00e3o Jos\u00e9 da Mata e a Pra\u00e7a do Meio do Mundo. O ve\u00edculo deu perca total.<\/p>\n<p>Os quatro ocupantes do carro foram encaminhados ao hospital Nossa Senhora da Neves e n\u00e3o tiveram ferimentos graves. De acordo com o deputado Tr\u00f3colli Junior ( PODEMOS), o fato se deu por que todos estavam com cinto de seguran\u00e7a.<\/p>\n<p><strong>CARIRI EM A\u00c7\u00c3O<\/strong><\/p>\n<p><em>Com Pol\u00eamica Para\u00edba\/Foto:\u00a0Pol\u00eamica Para\u00edba<\/em><\/p>\n<p><strong>Leia mais not\u00edcias em\u00a0<\/strong><a href=\"http:\/\/www.caririemacao.com\/\"><strong>caririemacao.com<\/strong><\/a><strong>, siga nossa p\u00e1gina no\u00a0<\/strong><a href=\"https:\/\/www.facebook.com\/CaririEmAcao\/?ref=aymt_homepage_panel\"><strong>Facebook<\/strong><\/a>,<strong>\u00a0<\/strong><a href=\"https:\/\/www.instagram.com\/cariri_em_acao\/?hl=pt-br\"><strong>Instagram<\/strong><\/a><strong>\u00a0e\u00a0<\/strong><a href=\"https:\/\/www.youtube.com\/channel\/UCAptA0jQuYQy8vMhLt2m4qg\"><strong>Youtube<\/strong><\/a><strong>\u00a0e veja nossas mat\u00e9rias, v\u00eddeos e fotos. Voc\u00ea tamb\u00e9m pode enviar informa\u00e7\u00f5es \u00e0 Reda\u00e7\u00e3o do Portal Cariri em A\u00e7\u00e3o pelo WhatsApp (83) 9 9634.5791, (83) 9 9601-1162.<\/strong><\/p>\n","protected":false},"excerpt":{"rendered":"<p>Um grave acidente na BR 230 envolvendo o deputado estadual Tr\u00f3colli Junior foi causado pelas fortes chuvas no final de tarde do \u00faltimo domingo (08).&hellip; <\/p>\n","protected":false},"author":2,"featured_media":46963,"comment_status":"closed","ping_status":"closed","sticky":false,"template":"","format":"standard","meta":{"sfsi_plus_gutenberg_text_before_share":"","sfsi_plus_gutenberg_show_text_before_share":"","sfsi_plus_gutenberg_icon_type":"","sfsi_plus_gutenberg_icon_alignemt":"","sfsi_plus_gutenburg_max_per_row":"","footnotes":""},"categories":[11],"tags":[],"class_list":["post-46962","post","type-post","status-publish","format-standard","has-post-thumbnail","hentry","category-politica"],"_links":{"self":[{"href":"https:\/\/www.caririemacao.com\/1\/wp-json\/wp\/v2\/posts\/46962","targetHints":{"allow":["GET"]}}],"collection":[{"href":"https:\/\/www.caririemacao.com\/1\/wp-json\/wp\/v2\/posts"}],"about":[{"href":"https:\/\/www.caririemacao.com\/1\/wp-json\/wp\/v2\/types\/post"}],"author":[{"embeddable":true,"href":"https:\/\/www.caririemacao.com\/1\/wp-json\/wp\/v2\/users\/2"}],"replies":[{"embeddable":true,"href":"https:\/\/www.caririemacao.com\/1\/wp-json\/wp\/v2\/comments?post=46962"}],"version-history":[{"count":0,"href":"https:\/\/www.caririemacao.com\/1\/wp-json\/wp\/v2\/posts\/46962\/revisions"}],"wp:featuredmedia":[{"embeddable":true,"href":"https:\/\/www.caririemacao.com\/1\/wp-json\/wp\/v2\/media\/46963"}],"wp:attachment":[{"href":"https:\/\/www.caririemacao.com\/1\/wp-json\/wp\/v2\/media?parent=46962"}],"wp:term":[{"taxonomy":"category","embeddable":true,"href":"https:\/\/www.caririemacao.com\/1\/wp-json\/wp\/v2\/categories?post=46962"},{"taxonomy":"post_tag","embeddable":true,"href":"https:\/\/www.caririemacao.com\/1\/wp-json\/wp\/v2\/tags?post=46962"}],"curies":[{"name":"wp","href":"https:\/\/api.w.org\/{rel}","templated":true}]}}