{"id":46971,"date":"2018-04-09T08:43:23","date_gmt":"2018-04-09T11:43:23","guid":{"rendered":"http:\/\/caririemacao.com\/1\/?p=46971"},"modified":"2018-04-09T08:43:23","modified_gmt":"2018-04-09T11:43:23","slug":"especialista-diz-como-descobrir-cancer-precoce","status":"publish","type":"post","link":"https:\/\/www.caririemacao.com\/1\/2018\/04\/09\/especialista-diz-como-descobrir-cancer-precoce\/","title":{"rendered":"Especialista diz como descobrir c\u00e2ncer precoce"},"content":{"rendered":"<p>No \u00faltimo domingo (8) \u00e9 comemorado Dia Mundial de Combate ao C\u00e2ncer. Para celebrar a data, a chefe do servi\u00e7o de oncologia do Hospital Napole\u00e3o Laureano, Dra. Dalva Guedes Arnaud, esclarece alguns pontos acerca da doen\u00e7a que, segundo o Instituto Nacional de C\u00e2ncer Jos\u00e9 Alencar (Inca), estima que 9.430 pessoas sejam diagnosticadas com a doen\u00e7a na Para\u00edba.<\/p>\n<p>A m\u00e9dica oncologista explica que o carcinog\u00eanese, conforme \u00e9 chamado o c\u00e2ncer, \u00e9 um processo altamente complexo do qual participam fatores de risco herdados e fatores de risco ambientais, como alimenta\u00e7\u00e3o, o tabagismo, a ocupa\u00e7\u00e3o e a exposi\u00e7\u00e3o \u00e0 radia\u00e7\u00e3o e agentes qu\u00edmicos. Al\u00e9m disso, esclarece que h\u00e1 como diminuir os riscos de c\u00e2ncer. \u201cH\u00e1bitos como n\u00e3o fumar, saber escolher os alimentos com fibras, legumes, cereais integrais, gr\u00e3os e com pouca gordura podem contribuir para redu\u00e7\u00e3o de risco da doen\u00e7a\u201d, disse.<\/p>\n<p>Outras orienta\u00e7\u00f5es da Dra. Dalva Arnaud, est\u00e3o relacionadas \u00e0 pr\u00e1tica de atividade f\u00edsica e peso adequado. \u201cAs pessoas tamb\u00e9m precisam estar atentos \u00e0s quest\u00f5es de exposi\u00e7\u00e3o excessiva ao sol, evitar o consumo de \u00e1lcool, as radia\u00e7\u00f5es e agentes qu\u00edmicos\u201d, esclarece.<\/p>\n<p>Dra. Dalva Arnaud falou ainda sobre a import\u00e2ncia da obten\u00e7\u00e3o de um diagn\u00f3stico precoce. \u201cA identifica\u00e7\u00e3o pr\u00e9via da doen\u00e7a \u00e9 um fator fundamental para iniciar o tratamento, aumentando, consequentemente, as chances de sucesso. A melhor forma de garantir o diagn\u00f3stico na fase inicial de um c\u00e2ncer \u00e9 investir nesses exames chamados preventivos e de rastreamento\u201d, falou.<\/p>\n<p>A oncologista explicou que o c\u00e2ncer tamb\u00e9m pode ser uma doen\u00e7a gen\u00e9tica. \u201cO c\u00e2ncer pode ser heredit\u00e1rio, isso quando uma pessoa nasce com altera\u00e7\u00f5es ou muta\u00e7\u00f5es em uma c\u00f3pia de um gene de controle de danos que normalmente protege contra o c\u00e2ncer, geralmente essas altera\u00e7\u00f5es s\u00e3o herdadas da m\u00e3e ou pai. Por\u00e9m, \u00e9 preciso lembrar que nem todas as pessoas que nascem com uma altera\u00e7\u00e3o num gene desenvolver\u00e3o a doen\u00e7a\u201d, finalizou.<\/p>\n<p><strong>Dia Mundial de Combate ao C\u00e2ncer<\/strong>\u00a0\u2013 Criado pela Organiza\u00e7\u00e3o Mundial de Sa\u00fade (OMS) a data foi idealizada para que institui\u00e7\u00f5es ao redor do planeta se re\u00fanam em prol da preven\u00e7\u00e3o dos v\u00e1rios tipos de c\u00e2ncer, al\u00e9m de dar for\u00e7a aos pacientes que lutam contra esta doen\u00e7a. \u00a0De acordo com dados da OMS, aproximadamente 30% das mortes provocadas pelo c\u00e2ncer poderiam ter sido evitadas, caso o paciente tivesse feito diagn\u00f3stico prematuramente, ou com a\u00e7\u00f5es preventivas para garantir h\u00e1bitos mais saud\u00e1veis.<\/p>\n<p><strong>CARIRI EM A\u00c7\u00c3O<\/strong><\/p>\n<p><em>Com Mais PB Foto: Reprodu\u00e7\u00e3o Internet<\/em><\/p>\n<p><strong>Leia mais not\u00edcias em\u00a0<\/strong><a href=\"http:\/\/www.caririemacao.com\/\"><strong>caririemacao.com<\/strong><\/a><strong>, siga nossa p\u00e1gina no\u00a0<\/strong><a href=\"https:\/\/www.facebook.com\/CaririEmAcao\/?ref=aymt_homepage_panel\"><strong>Facebook<\/strong><\/a>,<strong>\u00a0<\/strong><a href=\"https:\/\/www.instagram.com\/cariri_em_acao\/?hl=pt-br\"><strong>Instagram<\/strong><\/a><strong>\u00a0e\u00a0<\/strong><a href=\"https:\/\/www.youtube.com\/channel\/UCAptA0jQuYQy8vMhLt2m4qg\"><strong>Youtube<\/strong><\/a><strong>\u00a0e veja nossas mat\u00e9rias, v\u00eddeos e fotos. Voc\u00ea tamb\u00e9m pode enviar informa\u00e7\u00f5es \u00e0 Reda\u00e7\u00e3o do Portal Cariri em A\u00e7\u00e3o pelo WhatsApp (83) 9 9634.5791, (83) 9 9601-1162.<\/strong><\/p>\n","protected":false},"excerpt":{"rendered":"<p>No \u00faltimo domingo (8) \u00e9 comemorado Dia Mundial de Combate ao C\u00e2ncer. Para celebrar a data, a chefe do servi\u00e7o de oncologia do Hospital Napole\u00e3o&hellip; <\/p>\n","protected":false},"author":2,"featured_media":46972,"comment_status":"closed","ping_status":"closed","sticky":false,"template":"","format":"standard","meta":{"sfsi_plus_gutenberg_text_before_share":"","sfsi_plus_gutenberg_show_text_before_share":"","sfsi_plus_gutenberg_icon_type":"","sfsi_plus_gutenberg_icon_alignemt":"","sfsi_plus_gutenburg_max_per_row":"","footnotes":""},"categories":[16],"tags":[],"class_list":["post-46971","post","type-post","status-publish","format-standard","has-post-thumbnail","hentry","category-saude"],"_links":{"self":[{"href":"https:\/\/www.caririemacao.com\/1\/wp-json\/wp\/v2\/posts\/46971","targetHints":{"allow":["GET"]}}],"collection":[{"href":"https:\/\/www.caririemacao.com\/1\/wp-json\/wp\/v2\/posts"}],"about":[{"href":"https:\/\/www.caririemacao.com\/1\/wp-json\/wp\/v2\/types\/post"}],"author":[{"embeddable":true,"href":"https:\/\/www.caririemacao.com\/1\/wp-json\/wp\/v2\/users\/2"}],"replies":[{"embeddable":true,"href":"https:\/\/www.caririemacao.com\/1\/wp-json\/wp\/v2\/comments?post=46971"}],"version-history":[{"count":0,"href":"https:\/\/www.caririemacao.com\/1\/wp-json\/wp\/v2\/posts\/46971\/revisions"}],"wp:featuredmedia":[{"embeddable":true,"href":"https:\/\/www.caririemacao.com\/1\/wp-json\/wp\/v2\/media\/46972"}],"wp:attachment":[{"href":"https:\/\/www.caririemacao.com\/1\/wp-json\/wp\/v2\/media?parent=46971"}],"wp:term":[{"taxonomy":"category","embeddable":true,"href":"https:\/\/www.caririemacao.com\/1\/wp-json\/wp\/v2\/categories?post=46971"},{"taxonomy":"post_tag","embeddable":true,"href":"https:\/\/www.caririemacao.com\/1\/wp-json\/wp\/v2\/tags?post=46971"}],"curies":[{"name":"wp","href":"https:\/\/api.w.org\/{rel}","templated":true}]}}