{"id":46976,"date":"2018-04-09T08:51:35","date_gmt":"2018-04-09T11:51:35","guid":{"rendered":"http:\/\/caririemacao.com\/1\/?p=46976"},"modified":"2018-04-09T08:51:35","modified_gmt":"2018-04-09T11:51:35","slug":"7-mitos-e-verdades-sobre-o-uso-de-medicamentos","status":"publish","type":"post","link":"https:\/\/www.caririemacao.com\/1\/2018\/04\/09\/7-mitos-e-verdades-sobre-o-uso-de-medicamentos\/","title":{"rendered":"7 mitos e verdades sobre o uso de medicamentos"},"content":{"rendered":"<p><span class=\"news_capital_letter\">C<\/span>om o objetivo de aumentar a consci\u00eancia da popula\u00e7\u00e3o sobre a import\u00e2ncia de preservar a sa\u00fade para uma melhor qualidade de vida, os farmac\u00eauticos Tha\u00eds Pereira e Adriano Ribeiro esclareceram os principais mitos sobre o uso correto de medicamentos. Confira!<\/p>\n<p><span class=\"news_bold\">Posso tomar um medicamento vencido se a apar\u00eancia dele estiver normal<\/span><\/p>\n<p>Mito: A ingest\u00e3o de um medicamento fora do prazo de validade pode n\u00e3o causar danos, mas tamb\u00e9m n\u00e3o \u00e9 garantido que surtir\u00e1 o efeito desejado para a sa\u00fade. \u201cComo n\u00e3o existem estudos sobre os efeitos dos medicamentos ap\u00f3s o prazo de validade, \u00e9 imposs\u00edvel saber se eles mant\u00eam sua efic\u00e1cia e se n\u00e3o apresentam riscos \u00e0 sa\u00fade. Portanto, o recomend\u00e1vel \u00e9 respeitar a data limite informada na embalagem para que o uso seja feito de forma segura\u201d, alerta Adriano.<\/p>\n<p><span class=\"news_bold\">Tomar medicamento em jejum \u00e9 prejudicial ao est\u00f4mago<\/span><\/p>\n<p>Mito: \u00c9 necess\u00e1rio sempre consultar um m\u00e9dico, farmac\u00eautico ou ler atentamente a bula para definir o melhor hor\u00e1rio de ingest\u00e3o, pois alguns medicamentos tomados junto a alimentos t\u00eam seu efeito diminu\u00eddo.<\/p>\n<p><span class=\"news_bold\">Medicamentos podem causar depend\u00eancia<\/span><\/p>\n<p>Verdade: Alguns tipos de medicamentos, como analg\u00e9sicos do tipo opi\u00f3ide, ansiol\u00edticos e antidepressivos podem causar depend\u00eancia qu\u00edmica, e a interrup\u00e7\u00e3o de seu uso pode provocar sintomas caracter\u00edsticos da abstin\u00eancia. Al\u00e9m disso, com o passar do tempo pode ocorrer uma maior toler\u00e2ncia do organismo \u00e0s subst\u00e2ncias presentes no medicamento, obrigando o paciente a usar doses cada vez maiores para obter o efeito desejado. \u201cSomente o uso com acompanhamento adequado \u00e9 capaz de prevenir esses riscos, por isso a orienta\u00e7\u00e3o de um m\u00e9dico ou farmac\u00eautico \u00e9 de extrema import\u00e2ncia\u201d, afirma Tha\u00eds.<\/p>\n<p><span class=\"news_bold\">Medicamentos fitoter\u00e1picos n\u00e3o t\u00eam efeitos colaterais<\/span><\/p>\n<p>Mito: Os medicamentos fitoter\u00e1picos possuem suas caracter\u00edsticas iguais a de outros medicamentos devendo ter os mesmo cuidados e orienta\u00e7\u00f5es para uso. \u201cQuando ingeridos em excesso, esses medicamentos podem causar efeitos adversos, especialmente nos rins e no f\u00edgado\u201d, informa Adriano. Al\u00e9m do perigo causado pelo consumo exagerado, os fitoter\u00e1picos podem interagir com outros tipos de medicamentos, anulando sua efic\u00e1cia ou provocando efeitos colaterais indesejados. \u201cMesmo que o medicamento seja composto por subst\u00e2ncias naturais, seu uso s\u00f3 deve ser feito com orienta\u00e7\u00e3o\u201d, diz o farmac\u00eautico.<\/p>\n<p><span class=\"news_bold\">Medicamentos utilizados durante a gravidez podem afetar o feto<\/span><\/p>\n<p>Verdade: As subst\u00e2ncias dos medicamentos podem atravessar a placenta e causar efeitos no organismo do feto, por isso \u00e9 preciso muito cuidado ao se medicar durante a gravidez, seja por via oral ou pela aplica\u00e7\u00e3o de pomadas e cremes na pele. A ingest\u00e3o de qualquer medicamento neste per\u00edodo deve ser feita com acompanhamento m\u00e9dico.<\/p>\n<p><span class=\"news_bold\">Os medicamentos n\u00e3o devem ser guardados no banheiro<\/span><\/p>\n<p>Verdade: Os medicamentos devem ser armazenados longe do calor e da umidade, por isso o banheiro n\u00e3o \u00e9 o local mais indicado. \u201cO ideal \u00e9 guard\u00e1-los em um arm\u00e1rio protegido da luz e do calor &#8211; e em uma altura que impe\u00e7a o alcance de crian\u00e7as\u201d, diz Tha\u00eds.<\/p>\n<p><span class=\"news_bold\">Posso interromper o tratamento assim que os sintomas desaparecerem<\/span><\/p>\n<p>Mito: O fim dos sintomas n\u00e3o indica que a doen\u00e7a foi eliminada. \u201cNo caso de tratamentos com antibi\u00f3ticos, por exemplo, interromper o tratamento antes do prazo estipulado pelo m\u00e9dico pode fazer com que as bact\u00e9rias se tornem mais resistentes, aumentando a infec\u00e7\u00e3o\u201d, explica Adriano.<\/p>\n<p><span class=\"news_bold\">Medicamentos gen\u00e9ricos t\u00eam qualidade inferior<\/span><\/p>\n<p>Mito: Os medicamentos gen\u00e9ricos t\u00eam pre\u00e7os menores do que os medicamentos refer\u00eancia, mas isso n\u00e3o significa que sejam menos eficientes. O motivo da diferen\u00e7a de pre\u00e7o \u00e9 que os gen\u00e9ricos utilizam dos mesmos estudos j\u00e1 realizados pelo de refer\u00eancia, portanto n\u00e3o precisam investir no desenvolvimento destes medicamentos. A legisla\u00e7\u00e3o brasileira estabelece que, para um medicamento ser registrado como gen\u00e9rico, \u00e9 necess\u00e1rio que se comprove sua equival\u00eancia farmac\u00eautica e bioequival\u00eancia (mesma efic\u00e1cia e efici\u00eancia) em rela\u00e7\u00e3o ao medicamento de refer\u00eancia indicado pela Anvisa.<\/p>\n<p><span class=\"news_bold\">O hor\u00e1rio de ingest\u00e3o do medicamento n\u00e3o faz diferen\u00e7a<\/span><\/p>\n<p>Mito: O hor\u00e1rio de tomada dos medicamentos deve ser respeitado pois os intervalos entre uma dose e outra devem ser cumpridos para que o tratamento funcione e n\u00e3o haja riscos \u00e0 sa\u00fade. Se o medicamento for ingerido em intervalos maiores do que o indicado, sua efic\u00e1cia diminui. Caso o intervalo seja menor do que o prescrito pelo m\u00e9dico, pode haver risco de intoxica\u00e7\u00e3o.<\/p>\n<p><strong>CARIRI EM A\u00c7\u00c3O<\/strong><\/p>\n<p><em>Com Noticias ao Minuto\/Foto: Reprodu\u00e7\u00e3o Internet<\/em><\/p>\n<p><strong>Leia mais not\u00edcias em\u00a0<\/strong><a href=\"http:\/\/www.caririemacao.com\/\"><strong>caririemacao.com<\/strong><\/a><strong>, siga nossa p\u00e1gina no\u00a0<\/strong><a href=\"https:\/\/www.facebook.com\/CaririEmAcao\/?ref=aymt_homepage_panel\"><strong>Facebook<\/strong><\/a>,<strong>\u00a0<\/strong><a href=\"https:\/\/www.instagram.com\/cariri_em_acao\/?hl=pt-br\"><strong>Instagram<\/strong><\/a><strong>\u00a0e\u00a0<\/strong><a href=\"https:\/\/www.youtube.com\/channel\/UCAptA0jQuYQy8vMhLt2m4qg\"><strong>Youtube<\/strong><\/a><strong>\u00a0e veja nossas mat\u00e9rias, v\u00eddeos e fotos. Voc\u00ea tamb\u00e9m pode enviar informa\u00e7\u00f5es \u00e0 Reda\u00e7\u00e3o do Portal Cariri em A\u00e7\u00e3o pelo WhatsApp (83) 9 9634.5791, (83) 9 9601-1162.<\/strong><\/p>\n","protected":false},"excerpt":{"rendered":"<p>Com o objetivo de aumentar a consci\u00eancia da popula\u00e7\u00e3o sobre a import\u00e2ncia de preservar a sa\u00fade para uma melhor qualidade de vida, os farmac\u00eauticos Tha\u00eds&hellip; <\/p>\n","protected":false},"author":2,"featured_media":20295,"comment_status":"closed","ping_status":"closed","sticky":false,"template":"","format":"standard","meta":{"sfsi_plus_gutenberg_text_before_share":"","sfsi_plus_gutenberg_show_text_before_share":"","sfsi_plus_gutenberg_icon_type":"","sfsi_plus_gutenberg_icon_alignemt":"","sfsi_plus_gutenburg_max_per_row":"","footnotes":""},"categories":[16],"tags":[],"class_list":["post-46976","post","type-post","status-publish","format-standard","has-post-thumbnail","hentry","category-saude"],"_links":{"self":[{"href":"https:\/\/www.caririemacao.com\/1\/wp-json\/wp\/v2\/posts\/46976","targetHints":{"allow":["GET"]}}],"collection":[{"href":"https:\/\/www.caririemacao.com\/1\/wp-json\/wp\/v2\/posts"}],"about":[{"href":"https:\/\/www.caririemacao.com\/1\/wp-json\/wp\/v2\/types\/post"}],"author":[{"embeddable":true,"href":"https:\/\/www.caririemacao.com\/1\/wp-json\/wp\/v2\/users\/2"}],"replies":[{"embeddable":true,"href":"https:\/\/www.caririemacao.com\/1\/wp-json\/wp\/v2\/comments?post=46976"}],"version-history":[{"count":0,"href":"https:\/\/www.caririemacao.com\/1\/wp-json\/wp\/v2\/posts\/46976\/revisions"}],"wp:featuredmedia":[{"embeddable":true,"href":"https:\/\/www.caririemacao.com\/1\/wp-json\/wp\/v2\/media\/20295"}],"wp:attachment":[{"href":"https:\/\/www.caririemacao.com\/1\/wp-json\/wp\/v2\/media?parent=46976"}],"wp:term":[{"taxonomy":"category","embeddable":true,"href":"https:\/\/www.caririemacao.com\/1\/wp-json\/wp\/v2\/categories?post=46976"},{"taxonomy":"post_tag","embeddable":true,"href":"https:\/\/www.caririemacao.com\/1\/wp-json\/wp\/v2\/tags?post=46976"}],"curies":[{"name":"wp","href":"https:\/\/api.w.org\/{rel}","templated":true}]}}