{"id":46978,"date":"2018-04-09T08:54:38","date_gmt":"2018-04-09T11:54:38","guid":{"rendered":"http:\/\/caririemacao.com\/1\/?p=46978"},"modified":"2018-04-09T08:54:38","modified_gmt":"2018-04-09T11:54:38","slug":"rc-e-outros-governadores-do-nordeste-pretendem-visitar-lula-na-prisao","status":"publish","type":"post","link":"https:\/\/www.caririemacao.com\/1\/2018\/04\/09\/rc-e-outros-governadores-do-nordeste-pretendem-visitar-lula-na-prisao\/","title":{"rendered":"RC e outros governadores do Nordeste pretendem visitar Lula na pris\u00e3o"},"content":{"rendered":"<p>O governador Ricardo Coutinho e outros governadores do Nordeste pretendem visitar o ex-presidente Luiz In\u00e1cio Lula da Silva (PT) na carceragem da Pol\u00edcia Federal em Curitiba (PR), onde o petista est\u00e1 preso. A visita est\u00e1 sendo organizada para a pr\u00f3xima ter\u00e7a-feira (10), em hor\u00e1rio ainda a ser acertado com a PF.<\/p>\n<p>O governador afirmou ter telefonado para o petista quando foi decretada a pris\u00e3o dele, para prestar solidariedade. O encontro foi sugerido pelo governador do Cear\u00e1, Camilo Santana, que tamb\u00e9m \u00e9 filiado ao PT.<\/p>\n<p>De acordo com a assessoria de imprensa do chefe do Executivo cearense, oito dos nove governadores do Nordeste j\u00e1 confirmaram ida \u00e0 capital paranaense para visitar Lula. Apenas o governador de Pernambuco, Paulo C\u00e2mara (PSB), ainda n\u00e3o teria confirmado.<\/p>\n<p><strong>CARIRI EM A\u00c7\u00c3O<\/strong><\/p>\n<p><em>Com Wscom\/Foto: Reprodu\u00e7\u00e3o Internet<\/em><\/p>\n<p><strong>Leia mais not\u00edcias em\u00a0<\/strong><a href=\"http:\/\/www.caririemacao.com\/\"><strong>caririemacao.com<\/strong><\/a><strong>, siga nossa p\u00e1gina no\u00a0<\/strong><a href=\"https:\/\/www.facebook.com\/CaririEmAcao\/?ref=aymt_homepage_panel\"><strong>Facebook<\/strong><\/a>,<strong>\u00a0<\/strong><a href=\"https:\/\/www.instagram.com\/cariri_em_acao\/?hl=pt-br\"><strong>Instagram<\/strong><\/a><strong>\u00a0e\u00a0<\/strong><a href=\"https:\/\/www.youtube.com\/channel\/UCAptA0jQuYQy8vMhLt2m4qg\"><strong>Youtube<\/strong><\/a><strong>\u00a0e veja nossas mat\u00e9rias, v\u00eddeos e fotos. Voc\u00ea tamb\u00e9m pode enviar informa\u00e7\u00f5es \u00e0 Reda\u00e7\u00e3o do Portal Cariri em A\u00e7\u00e3o pelo WhatsApp (83) 9 9634.5791, (83) 9 9601-1162.<\/strong><\/p>\n","protected":false},"excerpt":{"rendered":"<p>O governador Ricardo Coutinho e outros governadores do Nordeste pretendem visitar o ex-presidente Luiz In\u00e1cio Lula da Silva (PT) na carceragem da Pol\u00edcia Federal em&hellip; <\/p>\n","protected":false},"author":2,"featured_media":46979,"comment_status":"closed","ping_status":"closed","sticky":false,"template":"","format":"standard","meta":{"sfsi_plus_gutenberg_text_before_share":"","sfsi_plus_gutenberg_show_text_before_share":"","sfsi_plus_gutenberg_icon_type":"","sfsi_plus_gutenberg_icon_alignemt":"","sfsi_plus_gutenburg_max_per_row":"","footnotes":""},"categories":[11],"tags":[],"class_list":["post-46978","post","type-post","status-publish","format-standard","has-post-thumbnail","hentry","category-politica"],"_links":{"self":[{"href":"https:\/\/www.caririemacao.com\/1\/wp-json\/wp\/v2\/posts\/46978","targetHints":{"allow":["GET"]}}],"collection":[{"href":"https:\/\/www.caririemacao.com\/1\/wp-json\/wp\/v2\/posts"}],"about":[{"href":"https:\/\/www.caririemacao.com\/1\/wp-json\/wp\/v2\/types\/post"}],"author":[{"embeddable":true,"href":"https:\/\/www.caririemacao.com\/1\/wp-json\/wp\/v2\/users\/2"}],"replies":[{"embeddable":true,"href":"https:\/\/www.caririemacao.com\/1\/wp-json\/wp\/v2\/comments?post=46978"}],"version-history":[{"count":0,"href":"https:\/\/www.caririemacao.com\/1\/wp-json\/wp\/v2\/posts\/46978\/revisions"}],"wp:featuredmedia":[{"embeddable":true,"href":"https:\/\/www.caririemacao.com\/1\/wp-json\/wp\/v2\/media\/46979"}],"wp:attachment":[{"href":"https:\/\/www.caririemacao.com\/1\/wp-json\/wp\/v2\/media?parent=46978"}],"wp:term":[{"taxonomy":"category","embeddable":true,"href":"https:\/\/www.caririemacao.com\/1\/wp-json\/wp\/v2\/categories?post=46978"},{"taxonomy":"post_tag","embeddable":true,"href":"https:\/\/www.caririemacao.com\/1\/wp-json\/wp\/v2\/tags?post=46978"}],"curies":[{"name":"wp","href":"https:\/\/api.w.org\/{rel}","templated":true}]}}