{"id":46980,"date":"2018-04-09T08:58:11","date_gmt":"2018-04-09T11:58:11","guid":{"rendered":"http:\/\/caririemacao.com\/1\/?p=46980"},"modified":"2018-04-09T08:58:11","modified_gmt":"2018-04-09T11:58:11","slug":"adriano-galdino-lamenta-prisao-de-lula","status":"publish","type":"post","link":"https:\/\/www.caririemacao.com\/1\/2018\/04\/09\/adriano-galdino-lamenta-prisao-de-lula\/","title":{"rendered":"Adriano Galdino lamenta pris\u00e3o de Lula"},"content":{"rendered":"<p>O deputado estadual, Adriano Galdino, lamentou na sua pagina no Facebook a pris\u00e3o do ex-presidente Lula, ocorrida neste s\u00e1bado, dia 07.<\/p>\n<p>De acordo com o deputado Adriano, o Brasil presenciou uma das cenas mais tristes de sua hist\u00f3ria. Ele disse que Lula mudou a vida de milh\u00f5es de brasileiros, dando oportunidades a todos, sem distin\u00e7\u00e3o de cor, ra\u00e7a ou posi\u00e7\u00e3o social.<\/p>\n<p>\u201cUm presidente que olhou para o Nordeste como nenhum outro olhou, um homem que tirou Campina Grande e regi\u00e3o do caos h\u00eddrico, atrav\u00e9s da transposi\u00e7\u00e3o do Rio S\u00e3o Francisco, dentre tantas outras conquistas, como o Fies, Prouni, Pac, IFPB e outros incont\u00e1veis benef\u00edcios. Somos gratos a voc\u00ea, presidente Lula, que Deus lhe d\u00ea for\u00e7as para superar tantas injusti\u00e7as\u201d, desabafou Adriano.<\/p>\n<p><strong>CARIRI EM A\u00c7\u00c3O<\/strong><\/p>\n<p>Leia mais not\u00edcias em\u00a0<a href=\"http:\/\/www.caririemacao.com\/\">caririemacao.com<\/a>, siga nossa p\u00e1gina no\u00a0<a href=\"https:\/\/www.facebook.com\/CaririEmAcao\/?ref=aymt_homepage_panel\">Facebook<\/a>,\u00a0<a href=\"https:\/\/www.instagram.com\/cariri_em_acao\/?hl=pt-br\">Instagram<\/a>\u00a0e\u00a0<a href=\"https:\/\/www.youtube.com\/channel\/UCAptA0jQuYQy8vMhLt2m4qg\">Youtube<\/a>\u00a0e veja nossas mat\u00e9rias, v\u00eddeos e fotos. Voc\u00ea tamb\u00e9m pode enviar informa\u00e7\u00f5es \u00e0 Reda\u00e7\u00e3o do Portal Cariri em A\u00e7\u00e3o pelo WhatsApp (83) 9 9634.5791, (83) 9 9601-1162.<\/p>\n","protected":false},"excerpt":{"rendered":"<p>O deputado estadual, Adriano Galdino, lamentou na sua pagina no Facebook a pris\u00e3o do ex-presidente Lula, ocorrida neste s\u00e1bado, dia 07. De acordo com o&hellip; <\/p>\n","protected":false},"author":2,"featured_media":46982,"comment_status":"closed","ping_status":"closed","sticky":false,"template":"","format":"standard","meta":{"sfsi_plus_gutenberg_text_before_share":"","sfsi_plus_gutenberg_show_text_before_share":"","sfsi_plus_gutenberg_icon_type":"","sfsi_plus_gutenberg_icon_alignemt":"","sfsi_plus_gutenburg_max_per_row":"","footnotes":""},"categories":[11],"tags":[],"class_list":["post-46980","post","type-post","status-publish","format-standard","has-post-thumbnail","hentry","category-politica"],"_links":{"self":[{"href":"https:\/\/www.caririemacao.com\/1\/wp-json\/wp\/v2\/posts\/46980","targetHints":{"allow":["GET"]}}],"collection":[{"href":"https:\/\/www.caririemacao.com\/1\/wp-json\/wp\/v2\/posts"}],"about":[{"href":"https:\/\/www.caririemacao.com\/1\/wp-json\/wp\/v2\/types\/post"}],"author":[{"embeddable":true,"href":"https:\/\/www.caririemacao.com\/1\/wp-json\/wp\/v2\/users\/2"}],"replies":[{"embeddable":true,"href":"https:\/\/www.caririemacao.com\/1\/wp-json\/wp\/v2\/comments?post=46980"}],"version-history":[{"count":0,"href":"https:\/\/www.caririemacao.com\/1\/wp-json\/wp\/v2\/posts\/46980\/revisions"}],"wp:featuredmedia":[{"embeddable":true,"href":"https:\/\/www.caririemacao.com\/1\/wp-json\/wp\/v2\/media\/46982"}],"wp:attachment":[{"href":"https:\/\/www.caririemacao.com\/1\/wp-json\/wp\/v2\/media?parent=46980"}],"wp:term":[{"taxonomy":"category","embeddable":true,"href":"https:\/\/www.caririemacao.com\/1\/wp-json\/wp\/v2\/categories?post=46980"},{"taxonomy":"post_tag","embeddable":true,"href":"https:\/\/www.caririemacao.com\/1\/wp-json\/wp\/v2\/tags?post=46980"}],"curies":[{"name":"wp","href":"https:\/\/api.w.org\/{rel}","templated":true}]}}