{"id":46984,"date":"2018-04-09T09:02:31","date_gmt":"2018-04-09T12:02:31","guid":{"rendered":"http:\/\/caririemacao.com\/1\/?p=46984"},"modified":"2018-04-09T09:02:31","modified_gmt":"2018-04-09T12:02:31","slug":"psol-paraiba-reafirma-candidatura-ao-governo-do-estado-na-eleicao-desse-ano","status":"publish","type":"post","link":"https:\/\/www.caririemacao.com\/1\/2018\/04\/09\/psol-paraiba-reafirma-candidatura-ao-governo-do-estado-na-eleicao-desse-ano\/","title":{"rendered":"PSOL Para\u00edba reafirma candidatura ao Governo do Estado na elei\u00e7\u00e3o desse ano"},"content":{"rendered":"<p>O PSOL Para\u00edba reafirmou em\u00a0 nota oficial \u00e0 imprensa, a candidatura ao Governo do Estado na elei\u00e7\u00e3o desse ano. De acordo com o pr\u00e9-candidato do partido, Tarcio Teixeira, \u2018n\u00e3o vivemos tempos de malabarismo politico para justificar voto em chapas compostas por inimigos do povo\u2019.<\/p>\n<p><em>At\u00e9 agora Sou o \u00fanico pr\u00e9-candidato da esquerda ao Governador da Para\u00edba nas elei\u00e7\u00f5es 2018, al\u00e9m de ter sido o primeiro escolhido pelas inst\u00e2ncias partid\u00e1rias e vim construindo nosso Programa de Governo desde dezembro de 2017 com representa\u00e7\u00f5es da sociedade civil conhecedoras das diferentes tem\u00e1ticas. No mesmo caminho seguem nossos pr\u00e9-candidatos ao Senado. Isso tudo em meio a fragilidade dos partidos tradicionais que se desmontam com o oportunismo de representa\u00e7\u00f5es que mudam de partido como fossem enganar a popula\u00e7\u00e3o. Temos tudo para surpreender nas elei\u00e7\u00f5es 2018.<\/em><\/p>\n<p><em>Maranh\u00e3o provocou debandada do pMDB para manter seu feudo familiar com o retorno de outro Maranh\u00e3o para legenda. Todos representantes do Golpe e apoiadores de Temer, respons\u00e1veis pelo desmonte das leis trabalhistas e congelamento dos gastos p\u00fablicos com o consequente desmonte das pol\u00edticas p\u00fablicas. Caso siga a empreitada Maranh\u00e3o poder\u00e1 ter vota\u00e7\u00e3o inferior a de Vital do Rego, bra\u00e7o do Golpe no TCU.<\/em><\/p>\n<p><em>C\u00e1ssio e o PSDB, assim como Maranh\u00e3o, esteve na defesa de Temer e A\u00e9cio, assim como votaram pelo Impeachment de Dilma. A forma como o PSDB na Para\u00edba atira para todo lado sem ter a clareza de quem ser\u00e1 seu representante nas elei\u00e7\u00f5es de 2018 \u00e9 claramente a fragilidade das oligarquias paraibanas. Sequer a t\u00e1tica do pai para filho \u00e9 poss\u00edvel em um estado como a nossa Para\u00edba, j\u00e1 que Pedro tamb\u00e9m seguiu seu Pai no Golpe e nas vota\u00e7\u00f5es pelo desmonte das leis trabalhistas e congelamento dos gastos p\u00fablicos com o consequente desmonte das pol\u00edticas p\u00fablicas.<\/em><\/p>\n<p><em>O Jo\u00e3o Azevedo, candidato do PSB, j\u00e1 anunciou que ter\u00e1 Veneziano como seu candidato ao Senado, este, assim como Efrain\/DEM (j\u00e1 aliado de Jo\u00e3o), votaram pelo Golpe contra Dilma\/PT. Sem contar que Efrain, do DEM de Rodrigo Maia, tamb\u00e9m votou pelo desmonte das leis trabalhistas e congelamento dos gastos p\u00fablicos com o consequente desmonte das pol\u00edticas p\u00fablicas.<\/em><\/p>\n<p><em>Tem inimigo do povo e golpista para quase todo lado. N\u00e3o vivemos tempos de malabarismo politico para justificar voto em chapas compostas por inimigos do povo. \u00c9 hora de uma verdadeira transforma\u00e7\u00e3o.<\/em><\/p>\n<p><em>O PSOL tem estado no fronte de batalha contra o Golpe \u2013 que retirou Dilma, desmontou as pol\u00edticas p\u00fablicas e prendeu Lula \u2013 por entender que \u00e9 necess\u00e1rio lutar pelo reestabelecimento da democracia e dos direitos do povo brasileiro, nossas escolhas na Para\u00edba tem rela\u00e7\u00e3o direta com a jornada nacional.<\/em><\/p>\n<p><strong>CARIRI EM A\u00c7\u00c3O<\/strong><\/p>\n<p><em>Com Wscom\/Foto: Reprodu\u00e7\u00e3o Internet<\/em><\/p>\n<p><strong>Leia mais not\u00edcias em\u00a0<\/strong><a href=\"http:\/\/www.caririemacao.com\/\"><strong>caririemacao.com<\/strong><\/a><strong>, siga nossa p\u00e1gina no\u00a0<\/strong><a href=\"https:\/\/www.facebook.com\/CaririEmAcao\/?ref=aymt_homepage_panel\"><strong>Facebook<\/strong><\/a>,<strong>\u00a0<\/strong><a href=\"https:\/\/www.instagram.com\/cariri_em_acao\/?hl=pt-br\"><strong>Instagram<\/strong><\/a><strong>\u00a0e\u00a0<\/strong><a href=\"https:\/\/www.youtube.com\/channel\/UCAptA0jQuYQy8vMhLt2m4qg\"><strong>Youtube<\/strong><\/a><strong>\u00a0e veja nossas mat\u00e9rias, v\u00eddeos e fotos. Voc\u00ea tamb\u00e9m pode enviar informa\u00e7\u00f5es \u00e0 Reda\u00e7\u00e3o do Portal Cariri em A\u00e7\u00e3o pelo WhatsApp (83) 9 9634.5791, (83) 9 9601-1162.<\/strong><\/p>\n","protected":false},"excerpt":{"rendered":"<p>O PSOL Para\u00edba reafirmou em\u00a0 nota oficial \u00e0 imprensa, a candidatura ao Governo do Estado na elei\u00e7\u00e3o desse ano. De acordo com o pr\u00e9-candidato do&hellip; <\/p>\n","protected":false},"author":2,"featured_media":46985,"comment_status":"closed","ping_status":"closed","sticky":false,"template":"","format":"standard","meta":{"sfsi_plus_gutenberg_text_before_share":"","sfsi_plus_gutenberg_show_text_before_share":"","sfsi_plus_gutenberg_icon_type":"","sfsi_plus_gutenberg_icon_alignemt":"","sfsi_plus_gutenburg_max_per_row":"","footnotes":""},"categories":[11],"tags":[],"class_list":["post-46984","post","type-post","status-publish","format-standard","has-post-thumbnail","hentry","category-politica"],"_links":{"self":[{"href":"https:\/\/www.caririemacao.com\/1\/wp-json\/wp\/v2\/posts\/46984","targetHints":{"allow":["GET"]}}],"collection":[{"href":"https:\/\/www.caririemacao.com\/1\/wp-json\/wp\/v2\/posts"}],"about":[{"href":"https:\/\/www.caririemacao.com\/1\/wp-json\/wp\/v2\/types\/post"}],"author":[{"embeddable":true,"href":"https:\/\/www.caririemacao.com\/1\/wp-json\/wp\/v2\/users\/2"}],"replies":[{"embeddable":true,"href":"https:\/\/www.caririemacao.com\/1\/wp-json\/wp\/v2\/comments?post=46984"}],"version-history":[{"count":0,"href":"https:\/\/www.caririemacao.com\/1\/wp-json\/wp\/v2\/posts\/46984\/revisions"}],"wp:featuredmedia":[{"embeddable":true,"href":"https:\/\/www.caririemacao.com\/1\/wp-json\/wp\/v2\/media\/46985"}],"wp:attachment":[{"href":"https:\/\/www.caririemacao.com\/1\/wp-json\/wp\/v2\/media?parent=46984"}],"wp:term":[{"taxonomy":"category","embeddable":true,"href":"https:\/\/www.caririemacao.com\/1\/wp-json\/wp\/v2\/categories?post=46984"},{"taxonomy":"post_tag","embeddable":true,"href":"https:\/\/www.caririemacao.com\/1\/wp-json\/wp\/v2\/tags?post=46984"}],"curies":[{"name":"wp","href":"https:\/\/api.w.org\/{rel}","templated":true}]}}