{"id":46987,"date":"2018-04-09T09:05:05","date_gmt":"2018-04-09T12:05:05","guid":{"rendered":"http:\/\/caririemacao.com\/1\/?p=46987"},"modified":"2018-04-09T09:05:05","modified_gmt":"2018-04-09T12:05:05","slug":"eleitor-tem-30-dias-para-transferir-atualizar-ou-emitir-titulo-eleitoral","status":"publish","type":"post","link":"https:\/\/www.caririemacao.com\/1\/2018\/04\/09\/eleitor-tem-30-dias-para-transferir-atualizar-ou-emitir-titulo-eleitoral\/","title":{"rendered":"Eleitor tem 30 dias para transferir, atualizar ou emitir t\u00edtulo eleitoral"},"content":{"rendered":"<div class=\"mc-column content-text active-extra-styles active-capital-letter\" data-block-type=\"unstyled\" data-block-weight=\"56\" data-block-id=\"2\">\n<p class=\"content-text__container theme-color-primary-first-letter\" data-track-category=\"Link no Texto\" data-track-links=\"\">Os eleitores podem transferir, atualizar ou emitir o t\u00edtulo eleitoral at\u00e9 9 de maio para participar das elei\u00e7\u00f5es de 2018. O 1\u00ba turno ocorre em seis meses, no dia 7 de outubro. Se nenhum dos candidatos a presidente ou governador tiver mais da metade dos votos v\u00e1lidos, o 2\u00ba turno deve ocorrer em 28 de outubro.<\/p>\n<p class=\"content-text__container theme-color-primary-first-letter\" data-track-category=\"Link no Texto\" data-track-links=\"\">Os eleitores votam neste ano para presidente, governador, senador, deputado federal e deputado estadual ou distrital. O voto \u00e9 obrigat\u00f3rio no Brasil. Apenas eleitores que t\u00eam menos de 18 anos ou mais de 70 anos n\u00e3o precisam votar. O voto tamb\u00e9m \u00e9 facultativo para analfabetos.<\/p>\n<\/div>\n<div class=\"mc-column content-text active-extra-styles \" data-block-type=\"unstyled\" data-block-weight=\"62\" data-block-id=\"5\">\n<p class=\"content-text__container \" data-track-category=\"Link no Texto\" data-track-links=\"\">O eleitor que completa 18 anos at\u00e9 7 de outubro, dia do 1\u00ba turno, tamb\u00e9m precisa\u00a0emitir o t\u00edtulo eleitoral at\u00e9 9 de maio. Esse tamb\u00e9m \u00e9 o prazo para quem mudou de endere\u00e7o e deseja transferir o t\u00edtulo eleitoral. O procedimento exige a apresenta\u00e7\u00e3o do comprovante de resid\u00eancia e de um documento oficial com foto em uma unidade do cart\u00f3rio eleitoral.<\/p>\n<\/div>\n<div class=\"mc-column content-text active-extra-styles \" data-block-type=\"unstyled\" data-block-weight=\"44\" data-block-id=\"6\">\n<p class=\"content-text__container \" data-track-category=\"Link no Texto\" data-track-links=\"\">Para transferir o t\u00edtulo, o eleitor deve residir a pelo menos tr\u00eas meses no novo munic\u00edpio. Ainda \u00e9 necess\u00e1rio, no m\u00ednimo, um ano da data do alistamento eleitoral ou da \u00faltima transfer\u00eancia do t\u00edtulo. Consulte o\u00a0site do Tribunal Regional Eleitoral do seu estado.<\/p>\n<\/div>\n<div class=\"mc-column content-text active-extra-styles \" data-block-type=\"unstyled\" data-block-weight=\"62\" data-block-id=\"7\">\n<p class=\"content-text__container \" data-track-category=\"Link no Texto\" data-track-links=\"\">Neste ano, a biometria ser\u00e1 obrigat\u00f3ria\u00a0em cerca de 2.800 cidades\u00a0de todos os estados. Nesses munic\u00edpios, os eleitores que n\u00e3o fizerem o cadastro biom\u00e9trico\u00a0devem ter o t\u00edtulo de eleitor cancelado. Ainda, segundo o Tribunal Superior Eleitoral (TSE), quem n\u00e3o votou nem justificou aus\u00eancia nas \u00faltimas tr\u00eas elei\u00e7\u00f5es teve t\u00edtulo cancelado e deve procurar a Justi\u00e7a Eleitoral para regularizar a situa\u00e7\u00e3o.<\/p>\n<\/div>\n<div class=\"mc-column content-text active-extra-styles \" data-block-type=\"unstyled\" data-block-weight=\"49\" data-block-id=\"8\">\n<p class=\"content-text__container \" data-track-category=\"Link no Texto\" data-track-links=\"\">A partir deste ano, o t\u00edtulo eleitoral de uma pessoa transg\u00eanero\u00a0trar\u00e1 apenas o nome social com o qual ela se identifica, e n\u00e3o ter\u00e1 o nome da certid\u00e3o de nascimento. Pessoas trans poder\u00e3o pedir a mudan\u00e7a no documento no cart\u00f3rio eleitoral da cidade tamb\u00e9m at\u00e9 9 de maio.<\/p>\n<p class=\"content-text__container \" data-track-category=\"Link no Texto\" data-track-links=\"\">Justificativa eleitoral<\/p>\n<\/div>\n<div class=\"mc-column content-text active-extra-styles \" data-block-type=\"unstyled\" data-block-weight=\"45\" data-block-id=\"11\">\n<p class=\"content-text__container \" data-track-category=\"Link no Texto\" data-track-links=\"\">Cerca de 8 milh\u00f5es de eleitores costumam justificar a aus\u00eancia em elei\u00e7\u00f5es. Essa parcela pode fazer a diferen\u00e7a em uma elei\u00e7\u00e3o polarizada, com muitos candidatos. Essa \u00e9 a expectativa para a disputa para presidente em 2018. Por enquanto, h\u00e1\u00a0pelo menos 17 pr\u00e9-candidatos \u00e0 Presid\u00eancia.<\/p>\n<\/div>\n<div class=\"mc-column content-text active-extra-styles \" data-block-type=\"unstyled\" data-block-weight=\"30\" data-block-id=\"12\">\n<p class=\"content-text__container \" data-track-category=\"Link no Texto\" data-track-links=\"\">Nos \u00faltimos anos, o n\u00famero de eleitores aptos cresceu enquanto o de justificativas eleitorais oscilou pouco. No 1\u00ba turno da elei\u00e7\u00e3o de 2016, 5,4% dos eleitores aptos justificaram a aus\u00eancia.<\/p>\n<\/div>\n<div class=\"mc-column content-text active-extra-styles \" data-block-type=\"unstyled\" data-block-weight=\"55\" data-block-id=\"13\">\n<p class=\"content-text__container \" data-track-category=\"Link no Texto\" data-track-links=\"\">Das 7.853.397 justificativas eleitorais apresentadas naquela disputa, 2.335.918 foram de eleitores inscritos no estado de S\u00e3o Paulo. \u00c9 o maior n\u00famero por estado no Brasil. Mais da metade desses eleitores estava fora da cidade em que est\u00e3o registrados (domic\u00edlio eleitoral), mas ainda no estado de S\u00e3o Paulo. SP re\u00fane, no total, 32,7 milh\u00f5es de eleitores.<\/p>\n<p class=\"content-text__container \" data-track-category=\"Link no Texto\" data-track-links=\"\">O TSE tamb\u00e9m divulga dados que mostram o perfil de quem justifica a aus\u00eancia. Nos \u00faltimos anos, a faixa et\u00e1ria de 25 a 34 anos, por exemplo, foi a que mais teve justificativas de voto no 1\u00ba turno das elei\u00e7\u00f5es. Na disputa de 2016, foram cerca de 2,5 milh\u00f5es de justificativas.<\/p>\n<\/div>\n<div class=\"mc-column content-text active-extra-styles \" data-block-type=\"unstyled\" data-block-weight=\"81\" data-block-id=\"16\">\n<p class=\"content-text__container \" data-track-category=\"Link no Texto\" data-track-links=\"\">Se Camila Monteiro Vaz, de 32 anos, n\u00e3o mudar o domic\u00eddio eleitoral at\u00e9 9 de maio, ela deve entrar para essa estat\u00edstica. Ela trocou Duque de Caxias, na Baixada Fluminense, por S\u00e3o Paulo h\u00e1 um ano. Camila trabalha como caixa de uma loja de roupa e ainda n\u00e3o foi ao cart\u00f3rio eleitoral transferir o t\u00edtulo de eleitor. Ela diz que tem se programado para conseguir cumprir a tarefa dentro do prazo e espera votar pr\u00f3ximo aonde mora, no bairro Cerqueira C\u00e9sar.<\/p>\n<p class=\"content-text__container \" data-track-category=\"Link no Texto\" data-track-links=\"\">Ela precisa ainda pagar a multa de R$ 3,51 por n\u00e3o ter justificado a aus\u00eancia nem votado no 1\u00ba turno das elei\u00e7\u00f5es de 2016. Na \u00e9poca, Camila estava numa viagem a Ilhabela, no litoral norte de S\u00e3o Paulo, e n\u00e3o voltou a tempo do passeio para ir a uma se\u00e7\u00e3o eleitoral.<\/p>\n<\/div>\n<div class=\"mc-column content-text active-extra-styles \" data-block-type=\"unstyled\" data-block-weight=\"34\" data-block-id=\"20\">\n<p class=\"content-text__container \" data-track-category=\"Link no Texto\" data-track-links=\"\">\u201cA gente tem muita desilus\u00e3o, acha que vai melhorar e nunca melhora. Acho que o principal \u00e9 olhar as propostas [dos candidatos], ver o que eles est\u00e3o oferecendo e depois escolher [os candidatos]\u201d, diz.<\/p>\n<\/div>\n<div class=\"mc-column content-text active-extra-styles \" data-block-type=\"unstyled\" data-block-weight=\"57\" data-block-id=\"21\">\n<p class=\"content-text__container \" data-track-category=\"Link no Texto\" data-track-links=\"\">J\u00e1 a faixa et\u00e1ria de 35 a 44 anos apresentou 1,8 milh\u00e3o de justificativas. Os eleitores com menos de 18 anos ou mais de 70 anos n\u00e3o s\u00e3o obrigados a votar e, por isso, n\u00e3o precisam apresentar justificativa eleitoral.<\/p>\n<p><strong>CARIRI EM A\u00c7\u00c3O<\/strong><\/p>\n<p><em>Com Wscom\/Foto: Reprodu\u00e7\u00e3o Internet<\/em><\/p>\n<p><strong>Leia mais not\u00edcias em\u00a0<\/strong><a href=\"http:\/\/www.caririemacao.com\/\"><strong>caririemacao.com<\/strong><\/a><strong>, siga nossa p\u00e1gina no\u00a0<\/strong><a href=\"https:\/\/www.facebook.com\/CaririEmAcao\/?ref=aymt_homepage_panel\"><strong>Facebook<\/strong><\/a>,<strong>\u00a0<\/strong><a href=\"https:\/\/www.instagram.com\/cariri_em_acao\/?hl=pt-br\"><strong>Instagram<\/strong><\/a><strong>\u00a0e\u00a0<\/strong><a href=\"https:\/\/www.youtube.com\/channel\/UCAptA0jQuYQy8vMhLt2m4qg\"><strong>Youtube<\/strong><\/a><strong>\u00a0e veja nossas mat\u00e9rias, v\u00eddeos e fotos. Voc\u00ea tamb\u00e9m pode enviar informa\u00e7\u00f5es \u00e0 Reda\u00e7\u00e3o do Portal Cariri em A\u00e7\u00e3o pelo WhatsApp (83) 9 9634.5791, (83) 9 9601-1162.<\/strong><\/p>\n<\/div>\n","protected":false},"excerpt":{"rendered":"<p>Os eleitores podem transferir, atualizar ou emitir o t\u00edtulo eleitoral at\u00e9 9 de maio para participar das elei\u00e7\u00f5es de 2018. O 1\u00ba turno ocorre em&hellip; <\/p>\n","protected":false},"author":2,"featured_media":15228,"comment_status":"closed","ping_status":"closed","sticky":false,"template":"","format":"standard","meta":{"sfsi_plus_gutenberg_text_before_share":"","sfsi_plus_gutenberg_show_text_before_share":"","sfsi_plus_gutenberg_icon_type":"","sfsi_plus_gutenberg_icon_alignemt":"","sfsi_plus_gutenburg_max_per_row":"","footnotes":""},"categories":[2],"tags":[],"class_list":["post-46987","post","type-post","status-publish","format-standard","has-post-thumbnail","hentry","category-geral"],"_links":{"self":[{"href":"https:\/\/www.caririemacao.com\/1\/wp-json\/wp\/v2\/posts\/46987","targetHints":{"allow":["GET"]}}],"collection":[{"href":"https:\/\/www.caririemacao.com\/1\/wp-json\/wp\/v2\/posts"}],"about":[{"href":"https:\/\/www.caririemacao.com\/1\/wp-json\/wp\/v2\/types\/post"}],"author":[{"embeddable":true,"href":"https:\/\/www.caririemacao.com\/1\/wp-json\/wp\/v2\/users\/2"}],"replies":[{"embeddable":true,"href":"https:\/\/www.caririemacao.com\/1\/wp-json\/wp\/v2\/comments?post=46987"}],"version-history":[{"count":0,"href":"https:\/\/www.caririemacao.com\/1\/wp-json\/wp\/v2\/posts\/46987\/revisions"}],"wp:featuredmedia":[{"embeddable":true,"href":"https:\/\/www.caririemacao.com\/1\/wp-json\/wp\/v2\/media\/15228"}],"wp:attachment":[{"href":"https:\/\/www.caririemacao.com\/1\/wp-json\/wp\/v2\/media?parent=46987"}],"wp:term":[{"taxonomy":"category","embeddable":true,"href":"https:\/\/www.caririemacao.com\/1\/wp-json\/wp\/v2\/categories?post=46987"},{"taxonomy":"post_tag","embeddable":true,"href":"https:\/\/www.caririemacao.com\/1\/wp-json\/wp\/v2\/tags?post=46987"}],"curies":[{"name":"wp","href":"https:\/\/api.w.org\/{rel}","templated":true}]}}