{"id":46989,"date":"2018-04-09T09:10:25","date_gmt":"2018-04-09T12:10:25","guid":{"rendered":"http:\/\/caririemacao.com\/1\/?p=46989"},"modified":"2018-04-09T09:10:25","modified_gmt":"2018-04-09T12:10:25","slug":"deputado-federal-andre-amaral-e-pisoteado-por-cavalo-durante-vaquejada","status":"publish","type":"post","link":"https:\/\/www.caririemacao.com\/1\/2018\/04\/09\/deputado-federal-andre-amaral-e-pisoteado-por-cavalo-durante-vaquejada\/","title":{"rendered":"Deputado federal Andr\u00e9 Amaral \u00e9 pisoteado por cavalo durante vaquejada"},"content":{"rendered":"<div class=\"mc-column content-text active-extra-styles active-capital-letter\" data-block-type=\"unstyled\" data-block-weight=\"54\" data-block-id=\"1\">\n<p class=\"content-text__container theme-color-primary-first-letter\" data-track-category=\"Link no Texto\" data-track-links=\"\">O deputado federal Andr\u00e9 Amaral (PROS\/PB) sofreu um acidente enquanto competia em uma vaquejada, na cidade de Mataraca, no Litoral Norte da Para\u00edba, na tarde do \u00faltimo domingo (8). Segundo a assessoria do parlamentar, ele escorregou do cavalo quando derrubava o boi. Ele foi pisoteado pelo cavalo e o boi caiu parcialmente por cima dele.<\/p>\n<p class=\"content-text__container theme-color-primary-first-letter\" data-track-category=\"Link no Texto\" data-track-links=\"\">Amaral foi levado para o Hospital Nossa Senhora das Neves, em Jo\u00e3o Pessoa, onde passa por procedimentos de emerg\u00eancia. De acordo com a assessoria, ele quebrou o nariz e passou por exames para verificar se houve algum dano na coluna e nas costelas, mas os resultados ainda n\u00e3o foram divulgados. Apesar do susto, ele est\u00e1 fora de risco.<\/p>\n<\/div>\n<div class=\"mc-column content-text active-extra-styles \" data-block-type=\"unstyled\" data-block-weight=\"30\" data-block-id=\"4\">\n<p class=\"content-text__container \" data-track-category=\"Link no Texto\" data-track-links=\"\">O parlamentar participa de competi\u00e7\u00f5es de vaquejada desde a adolesc\u00eancia e fez parte da comiss\u00e3o que defendeu que a vaquejada deveria ser reconhecida como esporte e cultura, na C\u00e2mara Federal.<\/p>\n<\/div>\n<div class=\"mc-column content-text active-extra-styles \" data-block-type=\"unstyled\" data-block-weight=\"25\" data-block-id=\"5\">\n<p class=\"content-text__container \" data-track-category=\"Link no Texto\" data-track-links=\"\">Como Andr\u00e9 Amaral deve ficar hospitalizado, a viagem que ele iria fazer para Bras\u00edlia para cumprir compromissos parlamentares, agendada para esta segunda-feira (9), foi cancelada.<\/p>\n<p><strong>CARIRI EM A\u00c7\u00c3O<\/strong><\/p>\n<p><em>Com G1\/Foto: Reprodu\u00e7\u00e3o Internet<\/em><\/p>\n<p><strong>Leia mais not\u00edcias em\u00a0<\/strong><a href=\"http:\/\/www.caririemacao.com\/\"><strong>caririemacao.com<\/strong><\/a><strong>, siga nossa p\u00e1gina no\u00a0<\/strong><a href=\"https:\/\/www.facebook.com\/CaririEmAcao\/?ref=aymt_homepage_panel\"><strong>Facebook<\/strong><\/a>,<strong>\u00a0<\/strong><a href=\"https:\/\/www.instagram.com\/cariri_em_acao\/?hl=pt-br\"><strong>Instagram<\/strong><\/a><strong>\u00a0e\u00a0<\/strong><a href=\"https:\/\/www.youtube.com\/channel\/UCAptA0jQuYQy8vMhLt2m4qg\"><strong>Youtube<\/strong><\/a><strong>\u00a0e veja nossas mat\u00e9rias, v\u00eddeos e fotos. Voc\u00ea tamb\u00e9m pode enviar informa\u00e7\u00f5es \u00e0 Reda\u00e7\u00e3o do Portal Cariri em A\u00e7\u00e3o pelo WhatsApp (83) 9 9634.5791, (83) 9 9601-1162.<\/strong><\/p>\n<\/div>\n","protected":false},"excerpt":{"rendered":"<p>O deputado federal Andr\u00e9 Amaral (PROS\/PB) sofreu um acidente enquanto competia em uma vaquejada, na cidade de Mataraca, no Litoral Norte da Para\u00edba, na tarde&hellip; <\/p>\n","protected":false},"author":2,"featured_media":46990,"comment_status":"closed","ping_status":"closed","sticky":false,"template":"","format":"standard","meta":{"sfsi_plus_gutenberg_text_before_share":"","sfsi_plus_gutenberg_show_text_before_share":"","sfsi_plus_gutenberg_icon_type":"","sfsi_plus_gutenberg_icon_alignemt":"","sfsi_plus_gutenburg_max_per_row":"","footnotes":""},"categories":[11],"tags":[],"class_list":["post-46989","post","type-post","status-publish","format-standard","has-post-thumbnail","hentry","category-politica"],"_links":{"self":[{"href":"https:\/\/www.caririemacao.com\/1\/wp-json\/wp\/v2\/posts\/46989","targetHints":{"allow":["GET"]}}],"collection":[{"href":"https:\/\/www.caririemacao.com\/1\/wp-json\/wp\/v2\/posts"}],"about":[{"href":"https:\/\/www.caririemacao.com\/1\/wp-json\/wp\/v2\/types\/post"}],"author":[{"embeddable":true,"href":"https:\/\/www.caririemacao.com\/1\/wp-json\/wp\/v2\/users\/2"}],"replies":[{"embeddable":true,"href":"https:\/\/www.caririemacao.com\/1\/wp-json\/wp\/v2\/comments?post=46989"}],"version-history":[{"count":0,"href":"https:\/\/www.caririemacao.com\/1\/wp-json\/wp\/v2\/posts\/46989\/revisions"}],"wp:featuredmedia":[{"embeddable":true,"href":"https:\/\/www.caririemacao.com\/1\/wp-json\/wp\/v2\/media\/46990"}],"wp:attachment":[{"href":"https:\/\/www.caririemacao.com\/1\/wp-json\/wp\/v2\/media?parent=46989"}],"wp:term":[{"taxonomy":"category","embeddable":true,"href":"https:\/\/www.caririemacao.com\/1\/wp-json\/wp\/v2\/categories?post=46989"},{"taxonomy":"post_tag","embeddable":true,"href":"https:\/\/www.caririemacao.com\/1\/wp-json\/wp\/v2\/tags?post=46989"}],"curies":[{"name":"wp","href":"https:\/\/api.w.org\/{rel}","templated":true}]}}