{"id":46992,"date":"2018-04-09T09:12:33","date_gmt":"2018-04-09T12:12:33","guid":{"rendered":"http:\/\/caririemacao.com\/1\/?p=46992"},"modified":"2018-04-09T09:12:33","modified_gmt":"2018-04-09T12:12:33","slug":"justica-suspende-concurso-da-uepb","status":"publish","type":"post","link":"https:\/\/www.caririemacao.com\/1\/2018\/04\/09\/justica-suspende-concurso-da-uepb\/","title":{"rendered":"Justi\u00e7a suspende concurso da UEPB"},"content":{"rendered":"<div class=\"mc-column content-text active-extra-styles active-capital-letter\" data-block-type=\"unstyled\" data-block-weight=\"65\" data-block-id=\"2\">\n<p class=\"content-text__container theme-color-primary-first-letter\" data-track-category=\"Link no Texto\" data-track-links=\"\">Uma liminar deferida pelo Tribunal de Justi\u00e7a da Para\u00edba (TJPB) suspendeu temporariamente o concurso p\u00fablico realizado pela Universidade Estadual da Para\u00edba (UEPB). A decis\u00e3o da 2\u00aa Vara de Fazenda P\u00fablica de Campina Grande acolheu um mandado de seguran\u00e7a impetrado por uma candidata que teria sido prejudicado com a interposi\u00e7\u00e3o de recursos por outros candidatos fora do prazo. A liminar foi concedida na \u00faltima quinta-feira (5).<\/p>\n<\/div>\n<div class=\"mc-column content-text active-extra-styles \" data-block-type=\"unstyled\" data-block-weight=\"13\" data-block-id=\"3\">\n<p class=\"content-text__container \" data-track-category=\"Link no Texto\" data-track-links=\"\">A Universidade Estadual da Para\u00edba (UEPB) ainda n\u00e3o se posicionou sobre o assunto.<\/p>\n<\/div>\n<div class=\"mc-column content-text active-extra-styles \" data-block-type=\"unstyled\" data-block-weight=\"49\" data-block-id=\"4\">\n<p class=\"content-text__container \" data-track-category=\"Link no Texto\" data-track-links=\"\">Ap\u00f3s a\u00a0divulga\u00e7\u00e3o final do concurso, pelo menos nove candidatos teriam interposto recurso administrativo junto \u00e0 banca organizadora. Sete recursos foram deferidos e dois indeferidos. No entanto, de acordo com a candidata que entrou com um pedido de liminar, o edital do certame n\u00e3o previa a interposi\u00e7\u00e3o de recurso.<\/p>\n<\/div>\n<div class=\"mc-column content-text active-extra-styles \" data-block-type=\"unstyled\" data-block-weight=\"27\" data-block-id=\"5\">\n<p class=\"content-text__container \" data-track-category=\"Link no Texto\" data-track-links=\"\">A candidata alegou ter sido prejudicada, pois com a republica\u00e7\u00e3o do resultado final, ap\u00f3s o deferimento dos recursos, a classifica\u00e7\u00e3o da candidata caiu de 114 para 124.<\/p>\n<\/div>\n<div class=\"mc-column content-text active-extra-styles \" data-block-type=\"unstyled\" data-block-weight=\"43\" data-block-id=\"6\">\n<p class=\"content-text__container \" data-track-category=\"Link no Texto\" data-track-links=\"\">Portanto, a Justi\u00e7a deferiu uma liminar que ordena a suspens\u00e3o dos sete recursos deferidos pela banca organizadora e, consequentemente, a suspens\u00e3o do concurso p\u00fablico, promovido pela Comiss\u00e3o Permanente de Concursos (CPCom), at\u00e9 o tr\u00e2nsito em julgado da a\u00e7\u00e3o, no prazo de 48 horas.<\/p>\n<\/div>\n<div class=\"mc-column content-text active-extra-styles \" data-block-type=\"unstyled\" data-block-weight=\"69\" data-block-id=\"7\">\n<p class=\"content-text__container \" data-track-category=\"Link no Texto\" data-track-links=\"\">O concurso foi realizado no dia 17 de dezembro para mais de 38 mil candidatos inscritos que concorreram \u00e0s 197 vagas dispon\u00edveis, com remunera\u00e7\u00f5es de R$ 1.502,24 a R$ 3.396,43. No total, eram 95 vagas para cargos de n\u00edvel fundamental, 94 para cargos de n\u00edvel m\u00e9dio e oito para cargos de n\u00edvel superior. O cargo com o maior n\u00famero de vagas era o de auxiliar administrativo, com 92 oportunidades.<\/p>\n<p><strong>CARIRI EM A\u00c7\u00c3O<\/strong><\/p>\n<p><em>Com G1\/Foto:\u00a0Jornal da Para\u00edba<\/em><\/p>\n<p><strong>Leia mais not\u00edcias em\u00a0<\/strong><a href=\"http:\/\/www.caririemacao.com\/\"><strong>caririemacao.com<\/strong><\/a><strong>, siga nossa p\u00e1gina no\u00a0<\/strong><a href=\"https:\/\/www.facebook.com\/CaririEmAcao\/?ref=aymt_homepage_panel\"><strong>Facebook<\/strong><\/a>,<strong>\u00a0<\/strong><a href=\"https:\/\/www.instagram.com\/cariri_em_acao\/?hl=pt-br\"><strong>Instagram<\/strong><\/a><strong>\u00a0e\u00a0<\/strong><a href=\"https:\/\/www.youtube.com\/channel\/UCAptA0jQuYQy8vMhLt2m4qg\"><strong>Youtube<\/strong><\/a><strong>\u00a0e veja nossas mat\u00e9rias, v\u00eddeos e fotos. Voc\u00ea tamb\u00e9m pode enviar informa\u00e7\u00f5es \u00e0 Reda\u00e7\u00e3o do Portal Cariri em A\u00e7\u00e3o pelo WhatsApp (83) 9 9634.5791, (83) 9 9601-1162.<\/strong><\/p>\n<\/div>\n","protected":false},"excerpt":{"rendered":"<p>Uma liminar deferida pelo Tribunal de Justi\u00e7a da Para\u00edba (TJPB) suspendeu temporariamente o concurso p\u00fablico realizado pela Universidade Estadual da Para\u00edba (UEPB). A decis\u00e3o da&hellip; <\/p>\n","protected":false},"author":2,"featured_media":46993,"comment_status":"closed","ping_status":"closed","sticky":false,"template":"","format":"standard","meta":{"sfsi_plus_gutenberg_text_before_share":"","sfsi_plus_gutenberg_show_text_before_share":"","sfsi_plus_gutenberg_icon_type":"","sfsi_plus_gutenberg_icon_alignemt":"","sfsi_plus_gutenburg_max_per_row":"","footnotes":""},"categories":[14],"tags":[],"class_list":["post-46992","post","type-post","status-publish","format-standard","has-post-thumbnail","hentry","category-educacao"],"_links":{"self":[{"href":"https:\/\/www.caririemacao.com\/1\/wp-json\/wp\/v2\/posts\/46992","targetHints":{"allow":["GET"]}}],"collection":[{"href":"https:\/\/www.caririemacao.com\/1\/wp-json\/wp\/v2\/posts"}],"about":[{"href":"https:\/\/www.caririemacao.com\/1\/wp-json\/wp\/v2\/types\/post"}],"author":[{"embeddable":true,"href":"https:\/\/www.caririemacao.com\/1\/wp-json\/wp\/v2\/users\/2"}],"replies":[{"embeddable":true,"href":"https:\/\/www.caririemacao.com\/1\/wp-json\/wp\/v2\/comments?post=46992"}],"version-history":[{"count":0,"href":"https:\/\/www.caririemacao.com\/1\/wp-json\/wp\/v2\/posts\/46992\/revisions"}],"wp:featuredmedia":[{"embeddable":true,"href":"https:\/\/www.caririemacao.com\/1\/wp-json\/wp\/v2\/media\/46993"}],"wp:attachment":[{"href":"https:\/\/www.caririemacao.com\/1\/wp-json\/wp\/v2\/media?parent=46992"}],"wp:term":[{"taxonomy":"category","embeddable":true,"href":"https:\/\/www.caririemacao.com\/1\/wp-json\/wp\/v2\/categories?post=46992"},{"taxonomy":"post_tag","embeddable":true,"href":"https:\/\/www.caririemacao.com\/1\/wp-json\/wp\/v2\/tags?post=46992"}],"curies":[{"name":"wp","href":"https:\/\/api.w.org\/{rel}","templated":true}]}}