{"id":46997,"date":"2018-04-09T09:22:58","date_gmt":"2018-04-09T12:22:58","guid":{"rendered":"http:\/\/caririemacao.com\/1\/?p=46997"},"modified":"2018-04-09T09:22:58","modified_gmt":"2018-04-09T12:22:58","slug":"advogado-de-lula-diz-que-defesa-continuara-a-tomar-medidas-para-revogar-prisao-de-lula","status":"publish","type":"post","link":"https:\/\/www.caririemacao.com\/1\/2018\/04\/09\/advogado-de-lula-diz-que-defesa-continuara-a-tomar-medidas-para-revogar-prisao-de-lula\/","title":{"rendered":"Advogado de Lula diz que defesa continuar\u00e1 a tomar medidas para revogar pris\u00e3o de Lula"},"content":{"rendered":"<p>Cristiano Zanin, advogado de Lula, da equipe de defesa, informou ontem (8) que o ex-presidente est\u00e1 indignado pela situa\u00e7\u00e3o, mas est\u00e1 bem. Sem dar detalhes, Zanin disse apenas que conversou com Lula, mas por ser um di\u00e1logo entre advogado e cliente n\u00e3o poderia dar mais informa\u00e7\u00f5es.<\/p>\n<p>O advogado afirmou que a defesa vai continuar a tomar medidas para que a pris\u00e3o seja revogada, e admitiu que a defesa analisa a possibilidade de pedir a transfer\u00eancia do petista para S\u00e3o Paulo. \u201cVamos analisar o eventual pedido de transfer\u00eancia. Mas n\u00e3o posso adiantar as estrat\u00e9gias da defesa. O que entendemos \u00e9 que n\u00e3o h\u00e1 motivo jur\u00eddico para ele estar preso e vamos tomar as provid\u00eancias para que a pris\u00e3o seja revogada\u201d, disse.<\/p>\n<p>Sobre a possibilidade de o Supremo Tribunal Federal (STF) reverter a pris\u00e3o de Lula, ele disse que \u201cacredito em uma revers\u00e3o no STF, porque isso n\u00e3o \u00e9 compat\u00edvel com a nossa legisla\u00e7\u00e3o. Nem a condena\u00e7\u00e3o, tampouco a pris\u00e3o para o cumprimento antecipado de pena\u201d.<\/p>\n<p>Tamb\u00e9m em entrevista, a presidente do PT, senadora Gleisi Hoffmann, disse que o ex-presidente Lula est\u00e1 tranquilo e bem. Ela disse que n\u00e3o esteve com Lula, mas que conversou com o advogado Cristiano Zanin.<\/p>\n<p>Segundo a senadora, o defensor informou que o ex-presidente foi bem tratado e respeitado quando chegou no s\u00e1bado (7) \u00e0 Superintend\u00eancia da Pol\u00edcia Federal na capital paranaense.<\/p>\n<p>\u201cConversei hoje com doutor Zanin. Ele disse que ontem correu tudo bem. O presidente chegou muito bem aqui. O presidente foi bem tratado, foi respeitado. Chegou cansado, obviamente, porque ele estava h\u00e1 dois dias dormindo pouco ou quase n\u00e3o dormindo. Disse tamb\u00e9m que o Lula foi colocado em instala\u00e7\u00f5es que s\u00e3o dignas e que ele estava bem. Tranquilo, mas cansado, disse a senadora.<\/p>\n<p>Gleise disse que os advogados negociam com a Superintend\u00eancia da PF e com a Justi\u00e7a a possibilidade de o ex-presidente receber visitas pol\u00edticas. \u201cSenadores e deputados t\u00eam representatividade p\u00fablica e teriam direito de visitar Lula, que tamb\u00e9m \u00e9 uma figura pol\u00edtica. Ent\u00e3o estamos vendo isso com a Pol\u00edcia Federal, e os nossos advogados tamb\u00e9m est\u00e3o vendo. Tem uma outra visita que \u00e9 da Comiss\u00e3o de Direitos Humanos da C\u00e2mara e do Senado. Esta apenas vai marcar uma data para vir aqui e saber como o ex-presidente est\u00e1 passando. E tem ainda a visita dos familiares\u201d.<\/p>\n<p>A senadora informou que hoje (9) o PT vai realizar uma reuni\u00e3o da Executiva Nacional para definir os rumos do partido ap\u00f3s a pris\u00e3o de Lula.<\/p>\n<p><strong>CARIRI EM A\u00c7\u00c3O<\/strong><\/p>\n<p><em>Com Ag\u00eancia Brasil\/Foto: Reprodu\u00e7\u00e3o Internet<\/em><\/p>\n<p><strong>Leia mais not\u00edcias em\u00a0<\/strong><a href=\"http:\/\/www.caririemacao.com\/\"><strong>caririemacao.com<\/strong><\/a><strong>, siga nossa p\u00e1gina no\u00a0<\/strong><a href=\"https:\/\/www.facebook.com\/CaririEmAcao\/?ref=aymt_homepage_panel\"><strong>Facebook<\/strong><\/a>,<strong>\u00a0<\/strong><a href=\"https:\/\/www.instagram.com\/cariri_em_acao\/?hl=pt-br\"><strong>Instagram<\/strong><\/a><strong>\u00a0e\u00a0<\/strong><a href=\"https:\/\/www.youtube.com\/channel\/UCAptA0jQuYQy8vMhLt2m4qg\"><strong>Youtube<\/strong><\/a><strong>\u00a0e veja nossas mat\u00e9rias, v\u00eddeos e fotos. Voc\u00ea tamb\u00e9m pode enviar informa\u00e7\u00f5es \u00e0 Reda\u00e7\u00e3o do Portal Cariri em A\u00e7\u00e3o pelo WhatsApp (83) 9 9634.5791, (83) 9 9601-1162.<\/strong><\/p>\n","protected":false},"excerpt":{"rendered":"<p>Cristiano Zanin, advogado de Lula, da equipe de defesa, informou ontem (8) que o ex-presidente est\u00e1 indignado pela situa\u00e7\u00e3o, mas est\u00e1 bem. Sem dar detalhes,&hellip; <\/p>\n","protected":false},"author":2,"featured_media":46998,"comment_status":"closed","ping_status":"closed","sticky":false,"template":"","format":"standard","meta":{"sfsi_plus_gutenberg_text_before_share":"","sfsi_plus_gutenberg_show_text_before_share":"","sfsi_plus_gutenberg_icon_type":"","sfsi_plus_gutenberg_icon_alignemt":"","sfsi_plus_gutenburg_max_per_row":"","footnotes":""},"categories":[2],"tags":[],"class_list":["post-46997","post","type-post","status-publish","format-standard","has-post-thumbnail","hentry","category-geral"],"_links":{"self":[{"href":"https:\/\/www.caririemacao.com\/1\/wp-json\/wp\/v2\/posts\/46997","targetHints":{"allow":["GET"]}}],"collection":[{"href":"https:\/\/www.caririemacao.com\/1\/wp-json\/wp\/v2\/posts"}],"about":[{"href":"https:\/\/www.caririemacao.com\/1\/wp-json\/wp\/v2\/types\/post"}],"author":[{"embeddable":true,"href":"https:\/\/www.caririemacao.com\/1\/wp-json\/wp\/v2\/users\/2"}],"replies":[{"embeddable":true,"href":"https:\/\/www.caririemacao.com\/1\/wp-json\/wp\/v2\/comments?post=46997"}],"version-history":[{"count":0,"href":"https:\/\/www.caririemacao.com\/1\/wp-json\/wp\/v2\/posts\/46997\/revisions"}],"wp:featuredmedia":[{"embeddable":true,"href":"https:\/\/www.caririemacao.com\/1\/wp-json\/wp\/v2\/media\/46998"}],"wp:attachment":[{"href":"https:\/\/www.caririemacao.com\/1\/wp-json\/wp\/v2\/media?parent=46997"}],"wp:term":[{"taxonomy":"category","embeddable":true,"href":"https:\/\/www.caririemacao.com\/1\/wp-json\/wp\/v2\/categories?post=46997"},{"taxonomy":"post_tag","embeddable":true,"href":"https:\/\/www.caririemacao.com\/1\/wp-json\/wp\/v2\/tags?post=46997"}],"curies":[{"name":"wp","href":"https:\/\/api.w.org\/{rel}","templated":true}]}}