{"id":47006,"date":"2018-04-09T09:31:23","date_gmt":"2018-04-09T12:31:23","guid":{"rendered":"http:\/\/caririemacao.com\/1\/?p=47006"},"modified":"2018-04-09T09:31:23","modified_gmt":"2018-04-09T12:31:23","slug":"texto-da-reforma-deve-ser-aproveitado-em-2019-diz-secretario-da-previdencia","status":"publish","type":"post","link":"https:\/\/www.caririemacao.com\/1\/2018\/04\/09\/texto-da-reforma-deve-ser-aproveitado-em-2019-diz-secretario-da-previdencia\/","title":{"rendered":"Texto da reforma deve ser aproveitado em 2019, diz secret\u00e1rio da Previd\u00eancia"},"content":{"rendered":"<p>O secret\u00e1rio de Previd\u00eancia do Minist\u00e9rio da Fazenda, Marcelo Caetano, disse no \u00faltimo s\u00e1bado (7) que, se o decreto de interven\u00e7\u00e3o federal no Rio de Janeiro continuar at\u00e9 31 de dezembro, como previsto, um novo governo poderia aproveitar o texto da atual Proposta de Emenda \u00e0 Constitui\u00e7\u00e3o (PEC) para a Reforma da Previd\u00eancia, que j\u00e1 tramita no Congresso, e economizar \u201cno m\u00ednimo seis meses\u201d na aprova\u00e7\u00e3o de uma reforma.<\/p>\n<p>Segundo Caetano, o presidente que for eleito teria de esperar a elei\u00e7\u00e3o de novos presidentes da C\u00e2mara dos Deputados e do Senado para dar continuidade \u00e0 tramita\u00e7\u00e3o e, caso decida dar continuidade \u00e0 que j\u00e1 ocorre, seria poss\u00edvel ter a aprova\u00e7\u00e3o da reforma ainda no primeiro semestre de 2019. \u201cDo ponto de vista legislativo \u00e9 poss\u00edvel, sim, aproveitar todo esse processo que j\u00e1 foi feito e \u00e9 recomendado que se fa\u00e7a isso\u201d, disse.<\/p>\n<p>Caetano disse que se o novo governo decidir propor um novo texto, o processo demoraria pelo menos outros seis meses, j\u00e1 que seria necess\u00e1rio formar uma equipe t\u00e9cnica e um consenso entre ela, al\u00e9m de fazer a articula\u00e7\u00e3o no Executivo e apresentar um novo texto ao Congresso somente por volta de abril. \u201cSe for um processo bastante acelerado, ele vai conseguir ter a aprova\u00e7\u00e3o de uma reforma da Previd\u00eancia s\u00f3 no final de 2019\u201d, concluiu.<\/p>\n<p>A proposta de reforma da Previd\u00eancia do governo passou pela Comiss\u00e3o de Constitui\u00e7\u00e3o e Justi\u00e7a e foi aprovada pela Comiss\u00e3o Especial da C\u00e2mara dos Deputados, criada para tratar do tema, em maio de 2017, mas sua tramita\u00e7\u00e3o foi interrompida quando o governo decretou a interven\u00e7\u00e3o federal na seguran\u00e7a do Rio de Janeiro. A Constitui\u00e7\u00e3o Federal n\u00e3o permite que sejam feitas emendas ao seu texto enquanto ocorrem interven\u00e7\u00f5es.<\/p>\n<p>O secret\u00e1rio da Previd\u00eancia fez as declara\u00e7\u00f5es em Cambridge, nos Estados Unidos, onde participou da\u00a0<em>Brazil Confer\u00eancia<\/em>, organizada por alunos brasileiros das universidades de Harvard e do Massachusetts Institute of Technology (MIT).<\/p>\n<p><strong>Elei\u00e7\u00f5es<\/strong><\/p>\n<p>O secret\u00e1rio disse tamb\u00e9m que a reforma deve ser um dos principais temas da campanha eleitoral deste ano. \u201cJ\u00e1 a partir de julho, quando o debate eleitoral presidencial e mesmo parlamentar come\u00e7ar a ficar mais presente, o tema da reforma da Previd\u00eancia ser\u00e1 retomado com for\u00e7a\u201d.<\/p>\n<p>Segundo ele, o tema \u201ctem que estar em uma pauta de urg\u00eancia independentemente de governo\u201d, mesmo que um candidato se posicione contra a reforma durante a campanha. \u201cSe houver candidatos que venham a negar a necessidade da reforma da Previd\u00eancia, ele quase, com certeza, vai se deparar com uma contradi\u00e7\u00e3o entre discurso e a\u00e7\u00e3o\u201d, disse.<\/p>\n<p><strong>CARIRI EM A\u00c7\u00c3O<\/strong><\/p>\n<p><em>Com EBC\/Foto: EBC<\/em><\/p>\n<p><strong>Leia mais not\u00edcias em\u00a0<\/strong><a href=\"http:\/\/www.caririemacao.com\/\"><strong>caririemacao.com<\/strong><\/a><strong>, siga nossa p\u00e1gina no\u00a0<\/strong><a href=\"https:\/\/www.facebook.com\/CaririEmAcao\/?ref=aymt_homepage_panel\"><strong>Facebook<\/strong><\/a>,<strong>\u00a0<\/strong><a href=\"https:\/\/www.instagram.com\/cariri_em_acao\/?hl=pt-br\"><strong>Instagram<\/strong><\/a><strong>\u00a0e\u00a0<\/strong><a href=\"https:\/\/www.youtube.com\/channel\/UCAptA0jQuYQy8vMhLt2m4qg\"><strong>Youtube<\/strong><\/a><strong>\u00a0e veja nossas mat\u00e9rias, v\u00eddeos e fotos. Voc\u00ea tamb\u00e9m pode enviar informa\u00e7\u00f5es \u00e0 Reda\u00e7\u00e3o do Portal Cariri em A\u00e7\u00e3o pelo WhatsApp (83) 9 9634.5791, (83) 9 9601-1162.<\/strong><\/p>\n","protected":false},"excerpt":{"rendered":"<p>O secret\u00e1rio de Previd\u00eancia do Minist\u00e9rio da Fazenda, Marcelo Caetano, disse no \u00faltimo s\u00e1bado (7) que, se o decreto de interven\u00e7\u00e3o federal no Rio de&hellip; <\/p>\n","protected":false},"author":2,"featured_media":47007,"comment_status":"closed","ping_status":"closed","sticky":false,"template":"","format":"standard","meta":{"sfsi_plus_gutenberg_text_before_share":"","sfsi_plus_gutenberg_show_text_before_share":"","sfsi_plus_gutenberg_icon_type":"","sfsi_plus_gutenberg_icon_alignemt":"","sfsi_plus_gutenburg_max_per_row":"","footnotes":""},"categories":[2],"tags":[],"class_list":["post-47006","post","type-post","status-publish","format-standard","has-post-thumbnail","hentry","category-geral"],"_links":{"self":[{"href":"https:\/\/www.caririemacao.com\/1\/wp-json\/wp\/v2\/posts\/47006","targetHints":{"allow":["GET"]}}],"collection":[{"href":"https:\/\/www.caririemacao.com\/1\/wp-json\/wp\/v2\/posts"}],"about":[{"href":"https:\/\/www.caririemacao.com\/1\/wp-json\/wp\/v2\/types\/post"}],"author":[{"embeddable":true,"href":"https:\/\/www.caririemacao.com\/1\/wp-json\/wp\/v2\/users\/2"}],"replies":[{"embeddable":true,"href":"https:\/\/www.caririemacao.com\/1\/wp-json\/wp\/v2\/comments?post=47006"}],"version-history":[{"count":0,"href":"https:\/\/www.caririemacao.com\/1\/wp-json\/wp\/v2\/posts\/47006\/revisions"}],"wp:featuredmedia":[{"embeddable":true,"href":"https:\/\/www.caririemacao.com\/1\/wp-json\/wp\/v2\/media\/47007"}],"wp:attachment":[{"href":"https:\/\/www.caririemacao.com\/1\/wp-json\/wp\/v2\/media?parent=47006"}],"wp:term":[{"taxonomy":"category","embeddable":true,"href":"https:\/\/www.caririemacao.com\/1\/wp-json\/wp\/v2\/categories?post=47006"},{"taxonomy":"post_tag","embeddable":true,"href":"https:\/\/www.caririemacao.com\/1\/wp-json\/wp\/v2\/tags?post=47006"}],"curies":[{"name":"wp","href":"https:\/\/api.w.org\/{rel}","templated":true}]}}