{"id":47030,"date":"2018-04-09T10:44:55","date_gmt":"2018-04-09T13:44:55","guid":{"rendered":"http:\/\/caririemacao.com\/1\/?p=47030"},"modified":"2018-04-09T10:44:55","modified_gmt":"2018-04-09T13:44:55","slug":"secretaria-de-agricultura-de-monteiro-intensifica-apreensao-de-animais-nas-ruas","status":"publish","type":"post","link":"https:\/\/www.caririemacao.com\/1\/2018\/04\/09\/secretaria-de-agricultura-de-monteiro-intensifica-apreensao-de-animais-nas-ruas\/","title":{"rendered":"Secretaria de Agricultura de Monteiro intensifica apreens\u00e3o de animais nas ruas"},"content":{"rendered":"<article>\n<section class=\"publi\"><\/section>\n<\/article>\n<article>\n<div class=\"clear\"><\/div>\n<div class=\"contentPost\">\n<figure>\n<div class=\"center\">A Secretaria de Agricultura e Meio Ambiente do munic\u00edpio de Monteiro vem intensificando a\u00e7\u00f5es no sentido de apreender animais que estejam circulando pelas ruas da cidade, causando transtornos e colocando em risco a integridade f\u00edsica e seguran\u00e7a da popula\u00e7\u00e3o.<\/div>\n<\/figure>\n<p>Na semana passada foram apreendidos mais de uma dezena de animais (cavalos e jumentos) e levados para a \u00e1rea destinada a feira de livre de comercializa\u00e7\u00e3o de animais, que acontece aos s\u00e1bados, aonde ficam \u00e0 disposi\u00e7\u00e3o dos donos ap\u00f3s pagamento de uma taxa.<\/p>\n<p>O secret\u00e1rio de Agricultura e Meio Ambiente, Alfredo Viana, disse que apesar da fiscaliza\u00e7\u00e3o realizada pela equipe da secretaria, os propriet\u00e1rios dos animais n\u00e3o colaboram e ap\u00f3s pagarem a taxa para a libera\u00e7\u00e3o dos mesmos, em poucos dias estes mesmo animais est\u00e3o circulando pelas ruas da cidade.<\/p>\n<p>\u201c\u00c9 preciso uma lei mais r\u00edgida e o pagamento de uma taxa mais alta para que estes propriet\u00e1rios sintam a necessidade de manter presos seus animais. A taxa atualmente cobrada \u00e9 de aproximadamente R$ 30 (trinta reais)\u201d, disse Alfredo Viana, que vai levar o assunto a prefeita Anna Lorena.<\/p>\n<p>Alfredo Viana ainda disse que al\u00e9m dos cavalos e jumentos, animais como cachorros e gatos tamb\u00e9m s\u00e3o vistos circulando livremente pelas ruas e \u00e9 imposs\u00edvel manter uma equipe para apreender estes animais. \u201cTorna-se uma despesa cara e quem paga \u00e9 a popula\u00e7\u00e3o\u201d, conclui Alfredo.<\/p>\n<p><strong>CARIRI EM A\u00c7\u00c3O<\/strong><\/p>\n<p><em>Com Cariri Ligado\/Foto:\u00a0Cariri Ligado<\/em><\/p>\n<p><strong>Leia mais not\u00edcias em\u00a0<\/strong><a href=\"http:\/\/www.caririemacao.com\/\"><strong>caririemacao.com<\/strong><\/a><strong>, siga nossa p\u00e1gina no\u00a0<\/strong><a href=\"https:\/\/www.facebook.com\/CaririEmAcao\/?ref=aymt_homepage_panel\"><strong>Facebook<\/strong><\/a>,<strong>\u00a0<\/strong><a href=\"https:\/\/www.instagram.com\/cariri_em_acao\/?hl=pt-br\"><strong>Instagram<\/strong><\/a><strong>\u00a0e\u00a0<\/strong><a href=\"https:\/\/www.youtube.com\/channel\/UCAptA0jQuYQy8vMhLt2m4qg\"><strong>Youtube<\/strong><\/a><strong>\u00a0e veja nossas mat\u00e9rias, v\u00eddeos e fotos. Voc\u00ea tamb\u00e9m pode enviar informa\u00e7\u00f5es \u00e0 Reda\u00e7\u00e3o do Portal Cariri em A\u00e7\u00e3o pelo WhatsApp (83) 9 9634.5791, (83) 9 9601-1162.<\/strong><\/p>\n<\/div>\n<\/article>\n","protected":false},"excerpt":{"rendered":"<p>A Secretaria de Agricultura e Meio Ambiente do munic\u00edpio de Monteiro vem intensificando a\u00e7\u00f5es no sentido de apreender animais que estejam circulando pelas ruas da&hellip; <\/p>\n","protected":false},"author":2,"featured_media":47031,"comment_status":"closed","ping_status":"closed","sticky":false,"template":"","format":"standard","meta":{"sfsi_plus_gutenberg_text_before_share":"","sfsi_plus_gutenberg_show_text_before_share":"","sfsi_plus_gutenberg_icon_type":"","sfsi_plus_gutenberg_icon_alignemt":"","sfsi_plus_gutenburg_max_per_row":"","footnotes":""},"categories":[6],"tags":[],"class_list":["post-47030","post","type-post","status-publish","format-standard","has-post-thumbnail","hentry","category-cidades"],"_links":{"self":[{"href":"https:\/\/www.caririemacao.com\/1\/wp-json\/wp\/v2\/posts\/47030","targetHints":{"allow":["GET"]}}],"collection":[{"href":"https:\/\/www.caririemacao.com\/1\/wp-json\/wp\/v2\/posts"}],"about":[{"href":"https:\/\/www.caririemacao.com\/1\/wp-json\/wp\/v2\/types\/post"}],"author":[{"embeddable":true,"href":"https:\/\/www.caririemacao.com\/1\/wp-json\/wp\/v2\/users\/2"}],"replies":[{"embeddable":true,"href":"https:\/\/www.caririemacao.com\/1\/wp-json\/wp\/v2\/comments?post=47030"}],"version-history":[{"count":0,"href":"https:\/\/www.caririemacao.com\/1\/wp-json\/wp\/v2\/posts\/47030\/revisions"}],"wp:featuredmedia":[{"embeddable":true,"href":"https:\/\/www.caririemacao.com\/1\/wp-json\/wp\/v2\/media\/47031"}],"wp:attachment":[{"href":"https:\/\/www.caririemacao.com\/1\/wp-json\/wp\/v2\/media?parent=47030"}],"wp:term":[{"taxonomy":"category","embeddable":true,"href":"https:\/\/www.caririemacao.com\/1\/wp-json\/wp\/v2\/categories?post=47030"},{"taxonomy":"post_tag","embeddable":true,"href":"https:\/\/www.caririemacao.com\/1\/wp-json\/wp\/v2\/tags?post=47030"}],"curies":[{"name":"wp","href":"https:\/\/api.w.org\/{rel}","templated":true}]}}