{"id":47036,"date":"2018-04-09T10:53:52","date_gmt":"2018-04-09T13:53:52","guid":{"rendered":"http:\/\/caririemacao.com\/1\/?p=47036"},"modified":"2018-04-09T10:53:52","modified_gmt":"2018-04-09T13:53:52","slug":"onibus-do-cantor-sertanejo-leo-magalhaes-pega-fogo-na-via-dutra-rj","status":"publish","type":"post","link":"https:\/\/www.caririemacao.com\/1\/2018\/04\/09\/onibus-do-cantor-sertanejo-leo-magalhaes-pega-fogo-na-via-dutra-rj\/","title":{"rendered":"\u00d4nibus do cantor sertanejo L\u00e9o Magalh\u00e3es pega fogo na Via Dutra\/RJ"},"content":{"rendered":"<div class=\"mc-column content-text active-extra-styles active-capital-letter\">\n<p class=\"content-text__container theme-color-primary-first-letter\">Um \u00f4nibus pegou fogo no \u00faltimo domingo (8), no trecho da Via Dutra que passa por Resende, no Sul do Rio de Janeiro. De acordo com a Pol\u00edcia Rodovi\u00e1ria Federal, o ve\u00edculo era do cantor sertanejo L\u00e9o Magalh\u00e3es.<\/p>\n<p class=\"content-text__container theme-color-primary-first-letter\">O incidente foi registrado pr\u00f3ximo ao km 326, no sentido S\u00e3o Paulo, na altura do distrito de Engenheiro Passos.<\/p>\n<\/div>\n<div class=\"mc-column content-text active-extra-styles \">\n<p class=\"content-text__container \">Ainda segundo a PRF, o \u00f4nibus havia sido apreendido em uma fiscaliza\u00e7\u00e3o da Ag\u00eancia Nacional de Transportes Terrestres (ANTT), no trecho de S\u00e3o Paulo, e estava sendo conduzido para o p\u00e1tio de reten\u00e7\u00f5es do \u00f3rg\u00e3o, quando houve um estouro no motor e come\u00e7ou o inc\u00eandio.<\/p>\n<div class=\"mc-column content-text active-extra-styles \">\n<p class=\"content-text__container \">Nesse momento, apenas o motorista estava no ve\u00edculo e ele conseguiu sair a tempo e ileso. O fogo consumiu totalmente o \u00f4nibus. Bombeiros foram acionados e apagaram as chamas. Ningu\u00e9m ficou ferido.<\/p>\n<\/div>\n<div class=\"mc-column content-text active-extra-styles \">\n<p class=\"content-text__container \">Durante o combate ao inc\u00eandio, o sentido SP foi totalmente fechado, na altura de Engenheiro Passos, o que gerou 3 km de congestionamento. J\u00e1 a pista sentido Rio, ficou parcialmente interditada, mas o tr\u00e2nsito fluiu em meia pista. Por volta de 10h40, o tr\u00e1fego no local foi normalizado.<\/p>\n<\/div>\n<div>\n<div class=\"mc-column content-text active-extra-styles \">\n<p class=\"content-text__container \">Representantes do cantor L\u00e9o Magalh\u00e3es, disseram que ir\u00e3o divulgar uma nota a respeito do ocorrido.<\/p>\n<p><strong>CARIRI EM A\u00c7\u00c3O<\/strong><\/p>\n<p><em>Com Hora1PB\/Foto:\u00a0Hora1PB<\/em><\/p>\n<p><strong>Leia mais not\u00edcias em\u00a0<\/strong><a href=\"http:\/\/www.caririemacao.com\/\"><strong>caririemacao.com<\/strong><\/a><strong>, siga nossa p\u00e1gina no\u00a0<\/strong><a href=\"https:\/\/www.facebook.com\/CaririEmAcao\/?ref=aymt_homepage_panel\"><strong>Facebook<\/strong><\/a>,<strong>\u00a0<\/strong><a href=\"https:\/\/www.instagram.com\/cariri_em_acao\/?hl=pt-br\"><strong>Instagram<\/strong><\/a><strong>\u00a0e\u00a0<\/strong><a href=\"https:\/\/www.youtube.com\/channel\/UCAptA0jQuYQy8vMhLt2m4qg\"><strong>Youtube<\/strong><\/a><strong>\u00a0e veja nossas mat\u00e9rias, v\u00eddeos e fotos. Voc\u00ea tamb\u00e9m pode enviar informa\u00e7\u00f5es \u00e0 Reda\u00e7\u00e3o do Portal Cariri em A\u00e7\u00e3o pelo WhatsApp (83) 9 9634.5791, (83) 9 9601-1162.<\/strong><\/p>\n<\/div>\n<\/div>\n<\/div>\n","protected":false},"excerpt":{"rendered":"<p>Um \u00f4nibus pegou fogo no \u00faltimo domingo (8), no trecho da Via Dutra que passa por Resende, no Sul do Rio de Janeiro. De acordo&hellip; <\/p>\n","protected":false},"author":2,"featured_media":47037,"comment_status":"closed","ping_status":"closed","sticky":false,"template":"","format":"standard","meta":{"sfsi_plus_gutenberg_text_before_share":"","sfsi_plus_gutenberg_show_text_before_share":"","sfsi_plus_gutenberg_icon_type":"","sfsi_plus_gutenberg_icon_alignemt":"","sfsi_plus_gutenburg_max_per_row":"","footnotes":""},"categories":[2],"tags":[],"class_list":["post-47036","post","type-post","status-publish","format-standard","has-post-thumbnail","hentry","category-geral"],"_links":{"self":[{"href":"https:\/\/www.caririemacao.com\/1\/wp-json\/wp\/v2\/posts\/47036","targetHints":{"allow":["GET"]}}],"collection":[{"href":"https:\/\/www.caririemacao.com\/1\/wp-json\/wp\/v2\/posts"}],"about":[{"href":"https:\/\/www.caririemacao.com\/1\/wp-json\/wp\/v2\/types\/post"}],"author":[{"embeddable":true,"href":"https:\/\/www.caririemacao.com\/1\/wp-json\/wp\/v2\/users\/2"}],"replies":[{"embeddable":true,"href":"https:\/\/www.caririemacao.com\/1\/wp-json\/wp\/v2\/comments?post=47036"}],"version-history":[{"count":0,"href":"https:\/\/www.caririemacao.com\/1\/wp-json\/wp\/v2\/posts\/47036\/revisions"}],"wp:featuredmedia":[{"embeddable":true,"href":"https:\/\/www.caririemacao.com\/1\/wp-json\/wp\/v2\/media\/47037"}],"wp:attachment":[{"href":"https:\/\/www.caririemacao.com\/1\/wp-json\/wp\/v2\/media?parent=47036"}],"wp:term":[{"taxonomy":"category","embeddable":true,"href":"https:\/\/www.caririemacao.com\/1\/wp-json\/wp\/v2\/categories?post=47036"},{"taxonomy":"post_tag","embeddable":true,"href":"https:\/\/www.caririemacao.com\/1\/wp-json\/wp\/v2\/tags?post=47036"}],"curies":[{"name":"wp","href":"https:\/\/api.w.org\/{rel}","templated":true}]}}