{"id":47039,"date":"2018-04-09T10:55:55","date_gmt":"2018-04-09T13:55:55","guid":{"rendered":"http:\/\/caririemacao.com\/1\/?p=47039"},"modified":"2018-04-09T10:55:55","modified_gmt":"2018-04-09T13:55:55","slug":"prefeito-de-sao-sebastiao-do-umbuzeiro-destaca-permanencia-de-ricardo-no-governo","status":"publish","type":"post","link":"https:\/\/www.caririemacao.com\/1\/2018\/04\/09\/prefeito-de-sao-sebastiao-do-umbuzeiro-destaca-permanencia-de-ricardo-no-governo\/","title":{"rendered":"Prefeito de S\u00e3o Sebasti\u00e3o do Umbuzeiro destaca perman\u00eancia de Ricardo no Governo"},"content":{"rendered":"<p style=\"font-weight: 400;\">O Prefeito de S\u00e3o Sebasti\u00e3o do Umbuzeiro, Adriano Wolff (DEM), destacou a import\u00e2ncia da perman\u00eancia do Governador Ricardo Coutinho \u00e0 frente do executivo at\u00e9 o final do mandato.<\/p>\n<p style=\"font-weight: 400;\">Para o gestor caririzeiro, Ricardo tem sido um grande parceiro para regi\u00e3o do Cariri, e sua perman\u00eancia garantir\u00e1 o atendimento de v\u00e1rias demandas de S\u00e3o Sebasti\u00e3o do Umbuzeiro encaminhadas para o governo.<\/p>\n<p style=\"font-weight: 400;\">\u201cA perman\u00eancia de Ricardo no governo tem uma grande import\u00e2ncia para n\u00f3s caririzeiros, e para a Para\u00edba como um todo, pois Ricardo tem sido um grande parceiro na nossa regi\u00e3o. E com sua perman\u00eancia, S\u00e3o Sebasti\u00e3o do Umbuzeiro tem a garantia do atendimento de v\u00e1rios pleitos, que com sua sa\u00edda n\u00e3o seria poss\u00edvel serem atendidos\u201d, disse Adriano.<\/p>\n<p style=\"font-weight: 400;\">O prefeito destacou que o governo do Estado entregar\u00e1 at\u00e9 o fim do ano tr\u00eas sistemas de dessaliniza\u00e7\u00e3o, a reforma de uma escola e a constru\u00e7\u00e3o de um gin\u00e1sio poliesportivo, al\u00e9m de outros pleitos que ser\u00e3o atendidos.<\/p>\n<p><strong>CARIRI EM A\u00c7\u00c3O<\/strong><\/p>\n<p><em>Com CariridaGente\/Foto:\u00a0CariridaGente<\/em><\/p>\n<p><strong>Leia mais not\u00edcias em\u00a0<\/strong><a href=\"http:\/\/www.caririemacao.com\/\"><strong>caririemacao.com<\/strong><\/a><strong>, siga nossa p\u00e1gina no\u00a0<\/strong><a href=\"https:\/\/www.facebook.com\/CaririEmAcao\/?ref=aymt_homepage_panel\"><strong>Facebook<\/strong><\/a>,<strong>\u00a0<\/strong><a href=\"https:\/\/www.instagram.com\/cariri_em_acao\/?hl=pt-br\"><strong>Instagram<\/strong><\/a><strong>\u00a0e\u00a0<\/strong><a href=\"https:\/\/www.youtube.com\/channel\/UCAptA0jQuYQy8vMhLt2m4qg\"><strong>Youtube<\/strong><\/a><strong>\u00a0e veja nossas mat\u00e9rias, v\u00eddeos e fotos. Voc\u00ea tamb\u00e9m pode enviar informa\u00e7\u00f5es \u00e0 Reda\u00e7\u00e3o do Portal Cariri em A\u00e7\u00e3o pelo WhatsApp (83) 9 9634.5791, (83) 9 9601-1162.<\/strong><\/p>\n","protected":false},"excerpt":{"rendered":"<p>O Prefeito de S\u00e3o Sebasti\u00e3o do Umbuzeiro, Adriano Wolff (DEM), destacou a import\u00e2ncia da perman\u00eancia do Governador Ricardo Coutinho \u00e0 frente do executivo at\u00e9 o&hellip; <\/p>\n","protected":false},"author":2,"featured_media":47040,"comment_status":"closed","ping_status":"closed","sticky":false,"template":"","format":"standard","meta":{"sfsi_plus_gutenberg_text_before_share":"","sfsi_plus_gutenberg_show_text_before_share":"","sfsi_plus_gutenberg_icon_type":"","sfsi_plus_gutenberg_icon_alignemt":"","sfsi_plus_gutenburg_max_per_row":"","footnotes":""},"categories":[11],"tags":[],"class_list":["post-47039","post","type-post","status-publish","format-standard","has-post-thumbnail","hentry","category-politica"],"_links":{"self":[{"href":"https:\/\/www.caririemacao.com\/1\/wp-json\/wp\/v2\/posts\/47039","targetHints":{"allow":["GET"]}}],"collection":[{"href":"https:\/\/www.caririemacao.com\/1\/wp-json\/wp\/v2\/posts"}],"about":[{"href":"https:\/\/www.caririemacao.com\/1\/wp-json\/wp\/v2\/types\/post"}],"author":[{"embeddable":true,"href":"https:\/\/www.caririemacao.com\/1\/wp-json\/wp\/v2\/users\/2"}],"replies":[{"embeddable":true,"href":"https:\/\/www.caririemacao.com\/1\/wp-json\/wp\/v2\/comments?post=47039"}],"version-history":[{"count":0,"href":"https:\/\/www.caririemacao.com\/1\/wp-json\/wp\/v2\/posts\/47039\/revisions"}],"wp:featuredmedia":[{"embeddable":true,"href":"https:\/\/www.caririemacao.com\/1\/wp-json\/wp\/v2\/media\/47040"}],"wp:attachment":[{"href":"https:\/\/www.caririemacao.com\/1\/wp-json\/wp\/v2\/media?parent=47039"}],"wp:term":[{"taxonomy":"category","embeddable":true,"href":"https:\/\/www.caririemacao.com\/1\/wp-json\/wp\/v2\/categories?post=47039"},{"taxonomy":"post_tag","embeddable":true,"href":"https:\/\/www.caririemacao.com\/1\/wp-json\/wp\/v2\/tags?post=47039"}],"curies":[{"name":"wp","href":"https:\/\/api.w.org\/{rel}","templated":true}]}}