{"id":47043,"date":"2018-04-09T21:13:19","date_gmt":"2018-04-10T00:13:19","guid":{"rendered":"http:\/\/caririemacao.com\/1\/?p=47043"},"modified":"2018-04-09T21:13:19","modified_gmt":"2018-04-10T00:13:19","slug":"enchente-no-rio-paraiba-provoca-rompimento-de-ponte-no-cariri","status":"publish","type":"post","link":"https:\/\/www.caririemacao.com\/1\/2018\/04\/09\/enchente-no-rio-paraiba-provoca-rompimento-de-ponte-no-cariri\/","title":{"rendered":"Enchente no Rio Para\u00edba provoca rompimento de ponte no Cariri"},"content":{"rendered":"<p>As fortes chuvas que vem caindo na regi\u00e3o tem provocado alguns contratempos. Na manh\u00e3 desta segunda-feira, 9, uma ponte que liga o munic\u00edpio de Camala\u00fa a BR-412, rompeu devido a forte correnteza do Rio Para\u00edba.<\/p>\n<p>A ponte est\u00e1 localizada nas imedia\u00e7\u00f5es do balne\u00e1rio de Camala\u00fa, por tr\u00e1s do a\u00e7ude, que \u00e9 cortado pelo Rio Para\u00edba, e devido ao aumento do volume, a press\u00e3o das \u00e1guas fez com que a estrutura fosse rompida.<\/p>\n<p>A Policia Militar est\u00e1 no local para evitar poss\u00edveis acidentes.<\/p>\n<p>Com as chuvas e as sangrias dos mananciais, um grande volume de \u00e1gua tamb\u00e9m foi observado no balne\u00e1rio p\u00fablico do munic\u00edpio que tamb\u00e9m recebe \u00e1gua do Rio Para\u00edba.<\/p>\n<p>A Ag\u00eancia Executiva de Gest\u00e3o das \u00c1guas do Estado da Para\u00edba (AESA) informou que a previs\u00e3o \u00e9 de mais chuvas durante a semana na regi\u00e3o do Cariri.<\/p>\n<p><strong>CARIRI EM A\u00c7\u00c3O<\/strong><\/p>\n<p><em>Com Vitrine do Cariri\/Foto:\u00a0Vitrine do Cariri<\/em><\/p>\n<p><strong>Leia mais not\u00edcias em\u00a0<\/strong><a href=\"http:\/\/www.caririemacao.com\/\"><strong>caririemacao.com<\/strong><\/a><strong>, siga nossa p\u00e1gina no\u00a0<\/strong><a href=\"https:\/\/www.facebook.com\/CaririEmAcao\/?ref=aymt_homepage_panel\"><strong>Facebook<\/strong><\/a>,<strong>\u00a0<\/strong><a href=\"https:\/\/www.instagram.com\/cariri_em_acao\/?hl=pt-br\"><strong>Instagram<\/strong><\/a><strong>\u00a0e\u00a0<\/strong><a href=\"https:\/\/www.youtube.com\/channel\/UCAptA0jQuYQy8vMhLt2m4qg\"><strong>Youtube<\/strong><\/a><strong>\u00a0e veja nossas mat\u00e9rias, v\u00eddeos e fotos. Voc\u00ea tamb\u00e9m pode enviar informa\u00e7\u00f5es \u00e0 Reda\u00e7\u00e3o do Portal Cariri em A\u00e7\u00e3o pelo WhatsApp (83) 9 9634.5791, (83) 9 9601-1162.<\/strong><\/p>\n","protected":false},"excerpt":{"rendered":"<p>As fortes chuvas que vem caindo na regi\u00e3o tem provocado alguns contratempos. Na manh\u00e3 desta segunda-feira, 9, uma ponte que liga o munic\u00edpio de Camala\u00fa&hellip; <\/p>\n","protected":false},"author":2,"featured_media":47044,"comment_status":"closed","ping_status":"closed","sticky":false,"template":"","format":"standard","meta":{"sfsi_plus_gutenberg_text_before_share":"","sfsi_plus_gutenberg_show_text_before_share":"","sfsi_plus_gutenberg_icon_type":"","sfsi_plus_gutenberg_icon_alignemt":"","sfsi_plus_gutenburg_max_per_row":"","footnotes":""},"categories":[2],"tags":[],"class_list":["post-47043","post","type-post","status-publish","format-standard","has-post-thumbnail","hentry","category-geral"],"_links":{"self":[{"href":"https:\/\/www.caririemacao.com\/1\/wp-json\/wp\/v2\/posts\/47043","targetHints":{"allow":["GET"]}}],"collection":[{"href":"https:\/\/www.caririemacao.com\/1\/wp-json\/wp\/v2\/posts"}],"about":[{"href":"https:\/\/www.caririemacao.com\/1\/wp-json\/wp\/v2\/types\/post"}],"author":[{"embeddable":true,"href":"https:\/\/www.caririemacao.com\/1\/wp-json\/wp\/v2\/users\/2"}],"replies":[{"embeddable":true,"href":"https:\/\/www.caririemacao.com\/1\/wp-json\/wp\/v2\/comments?post=47043"}],"version-history":[{"count":0,"href":"https:\/\/www.caririemacao.com\/1\/wp-json\/wp\/v2\/posts\/47043\/revisions"}],"wp:featuredmedia":[{"embeddable":true,"href":"https:\/\/www.caririemacao.com\/1\/wp-json\/wp\/v2\/media\/47044"}],"wp:attachment":[{"href":"https:\/\/www.caririemacao.com\/1\/wp-json\/wp\/v2\/media?parent=47043"}],"wp:term":[{"taxonomy":"category","embeddable":true,"href":"https:\/\/www.caririemacao.com\/1\/wp-json\/wp\/v2\/categories?post=47043"},{"taxonomy":"post_tag","embeddable":true,"href":"https:\/\/www.caririemacao.com\/1\/wp-json\/wp\/v2\/tags?post=47043"}],"curies":[{"name":"wp","href":"https:\/\/api.w.org\/{rel}","templated":true}]}}