{"id":47049,"date":"2018-04-09T21:19:27","date_gmt":"2018-04-10T00:19:27","guid":{"rendered":"http:\/\/caririemacao.com\/1\/?p=47049"},"modified":"2018-04-09T21:19:27","modified_gmt":"2018-04-10T00:19:27","slug":"prefeito-parabeniza-coordenacao-do-4o-passeio-ciclistico-de-camalau","status":"publish","type":"post","link":"https:\/\/www.caririemacao.com\/1\/2018\/04\/09\/prefeito-parabeniza-coordenacao-do-4o-passeio-ciclistico-de-camalau\/","title":{"rendered":"Prefeito parabeniza coordena\u00e7\u00e3o do 4\u00ba passeio cicl\u00edstico de Camala\u00fa"},"content":{"rendered":"<article>O Prefeito de Camala\u00fa, Sandro M\u00f4co, participou ativamente e parabenizou toda a coordena\u00e7\u00e3o do 4\u00ba passeio cicl\u00edstico de Camala\u00fa ocorrido nestes S\u00e1bado e Domingo no munic\u00edpio.<\/article>\n<article>\n<div class=\"contentPost\">\n<p>O prefeito acompanhou no Domingo os ciclistas durante todo o percurso, interagindo e at\u00e9 ajudando nos pontos de apoio do evento.<\/p>\n<p>O gestor tamb\u00e9m participou no s\u00e1bado \u00e0 noite do lual dos ciclistas ocorrido na \u201cfazenda de Mardem\u201d na entrada da cidade.<\/p>\n<p>\u201cParabenizo \u00e0 toda organiza\u00e7\u00e3o do evento e agrade\u00e7o a todos os ciclistas que aqui estiveram vindos de cidades da Para\u00edba, de Pernambuco e at\u00e9 mesmo do Cear\u00e1\u201d, disse o prefeito.<\/p>\n<p>\u201cEste tipo de evento, movimenta a economia local atrav\u00e9s do turismo, e n\u00f3s estamos prontos pra ajudar, seja o ciclismo, o motociclismo, a pega de boi, a vaquejada, o futebol e qualquer evento esportivo que ajude a aquecer a economia local e traga lazer para nossa popula\u00e7\u00e3o\u201d, completou o prefeito.<\/p>\n<p><strong>CARIRI EM A\u00c7\u00c3O<\/strong><\/p>\n<p><em>Com Vitrine do Cariri\/Foto:\u00a0Vitrine do Cariri<\/em><\/p>\n<p><strong>Leia mais not\u00edcias em\u00a0<\/strong><a href=\"http:\/\/www.caririemacao.com\/\"><strong>caririemacao.com<\/strong><\/a><strong>, siga nossa p\u00e1gina no\u00a0<\/strong><a href=\"https:\/\/www.facebook.com\/CaririEmAcao\/?ref=aymt_homepage_panel\"><strong>Facebook<\/strong><\/a>,<strong>\u00a0<\/strong><a href=\"https:\/\/www.instagram.com\/cariri_em_acao\/?hl=pt-br\"><strong>Instagram<\/strong><\/a><strong>\u00a0e\u00a0<\/strong><a href=\"https:\/\/www.youtube.com\/channel\/UCAptA0jQuYQy8vMhLt2m4qg\"><strong>Youtube<\/strong><\/a><strong>\u00a0e veja nossas mat\u00e9rias, v\u00eddeos e fotos. Voc\u00ea tamb\u00e9m pode enviar informa\u00e7\u00f5es \u00e0 Reda\u00e7\u00e3o do Portal Cariri em A\u00e7\u00e3o pelo WhatsApp (83) 9 9634.5791, (83) 9 9601-1162.<\/strong><\/p>\n<\/div>\n<\/article>\n","protected":false},"excerpt":{"rendered":"<p>O Prefeito de Camala\u00fa, Sandro M\u00f4co, participou ativamente e parabenizou toda a coordena\u00e7\u00e3o do 4\u00ba passeio cicl\u00edstico de Camala\u00fa ocorrido nestes S\u00e1bado e Domingo no&hellip; <\/p>\n","protected":false},"author":2,"featured_media":47050,"comment_status":"closed","ping_status":"closed","sticky":false,"template":"","format":"standard","meta":{"sfsi_plus_gutenberg_text_before_share":"","sfsi_plus_gutenberg_show_text_before_share":"","sfsi_plus_gutenberg_icon_type":"","sfsi_plus_gutenberg_icon_alignemt":"","sfsi_plus_gutenburg_max_per_row":"","footnotes":""},"categories":[6],"tags":[],"class_list":["post-47049","post","type-post","status-publish","format-standard","has-post-thumbnail","hentry","category-cidades"],"_links":{"self":[{"href":"https:\/\/www.caririemacao.com\/1\/wp-json\/wp\/v2\/posts\/47049","targetHints":{"allow":["GET"]}}],"collection":[{"href":"https:\/\/www.caririemacao.com\/1\/wp-json\/wp\/v2\/posts"}],"about":[{"href":"https:\/\/www.caririemacao.com\/1\/wp-json\/wp\/v2\/types\/post"}],"author":[{"embeddable":true,"href":"https:\/\/www.caririemacao.com\/1\/wp-json\/wp\/v2\/users\/2"}],"replies":[{"embeddable":true,"href":"https:\/\/www.caririemacao.com\/1\/wp-json\/wp\/v2\/comments?post=47049"}],"version-history":[{"count":0,"href":"https:\/\/www.caririemacao.com\/1\/wp-json\/wp\/v2\/posts\/47049\/revisions"}],"wp:featuredmedia":[{"embeddable":true,"href":"https:\/\/www.caririemacao.com\/1\/wp-json\/wp\/v2\/media\/47050"}],"wp:attachment":[{"href":"https:\/\/www.caririemacao.com\/1\/wp-json\/wp\/v2\/media?parent=47049"}],"wp:term":[{"taxonomy":"category","embeddable":true,"href":"https:\/\/www.caririemacao.com\/1\/wp-json\/wp\/v2\/categories?post=47049"},{"taxonomy":"post_tag","embeddable":true,"href":"https:\/\/www.caririemacao.com\/1\/wp-json\/wp\/v2\/tags?post=47049"}],"curies":[{"name":"wp","href":"https:\/\/api.w.org\/{rel}","templated":true}]}}