{"id":47052,"date":"2018-04-09T21:21:32","date_gmt":"2018-04-10T00:21:32","guid":{"rendered":"http:\/\/caririemacao.com\/1\/?p=47052"},"modified":"2018-04-09T21:21:32","modified_gmt":"2018-04-10T00:21:32","slug":"jovens-de-sao-sebastiao-do-umbuzeiro-e-zabele-participam-de-cerimonia-de-entrega-de-cdi","status":"publish","type":"post","link":"https:\/\/www.caririemacao.com\/1\/2018\/04\/09\/jovens-de-sao-sebastiao-do-umbuzeiro-e-zabele-participam-de-cerimonia-de-entrega-de-cdi\/","title":{"rendered":"Jovens de S\u00e3o Sebasti\u00e3o do Umbuzeiro e Zabel\u00ea participam de cerim\u00f4nia de entrega de CDI"},"content":{"rendered":"<p>Na manh\u00e3 desta segunda-feira (09), foi realizada na Casa da Cidadania em S\u00e3o Sebasti\u00e3o do Umbuzeiro, a solenidade de Compromisso \u00e0 Bandeira Nacional e entrega de certificados de dispensa de incorpora\u00e7\u00e3o. Na ocasi\u00e3o os Jovens de S\u00e3o Sebasti\u00e3o do Umbuzeiro e Zabel\u00ea, das classes de 2000 e anteriores receberam o seu CDI.<\/p>\n<p>Durante a cerim\u00f4nia, os jovens fizeram o juramento diante da bandeira, jurando honra, integridade e defender a P\u00e1tria com sua pr\u00f3pria vida, caso sejam convocados em momentos emergenciais.<\/p>\n<p>Mesmo estando dispensados eles ainda podem ser convocados, at\u00e9 que completem 45 anos de idade, para defender o nosso pa\u00eds. Ap\u00f3s o compromisso \u00e0 bandeira foi realizada a entrega do certificado de dispensa de incorpora\u00e7\u00e3o aos jovens.<\/p>\n<p><strong>CARIRI EM A\u00c7\u00c3O<\/strong><\/p>\n<p><em>Com Blog do Didi\/Foto:\u00a0Blog do Didi<\/em><\/p>\n<p><strong>Leia mais not\u00edcias em\u00a0<\/strong><a href=\"http:\/\/www.caririemacao.com\/\"><strong>caririemacao.com<\/strong><\/a><strong>, siga nossa p\u00e1gina no\u00a0<\/strong><a href=\"https:\/\/www.facebook.com\/CaririEmAcao\/?ref=aymt_homepage_panel\"><strong>Facebook<\/strong><\/a>,<strong>\u00a0<\/strong><a href=\"https:\/\/www.instagram.com\/cariri_em_acao\/?hl=pt-br\"><strong>Instagram<\/strong><\/a><strong>\u00a0e\u00a0<\/strong><a href=\"https:\/\/www.youtube.com\/channel\/UCAptA0jQuYQy8vMhLt2m4qg\"><strong>Youtube<\/strong><\/a><strong>\u00a0e veja nossas mat\u00e9rias, v\u00eddeos e fotos. Voc\u00ea tamb\u00e9m pode enviar informa\u00e7\u00f5es \u00e0 Reda\u00e7\u00e3o do Portal Cariri em A\u00e7\u00e3o pelo WhatsApp (83) 9 9634.5791, (83) 9 9601-1162.<\/strong><\/p>\n","protected":false},"excerpt":{"rendered":"<p>Na manh\u00e3 desta segunda-feira (09), foi realizada na Casa da Cidadania em S\u00e3o Sebasti\u00e3o do Umbuzeiro, a solenidade de Compromisso \u00e0 Bandeira Nacional e entrega&hellip; <\/p>\n","protected":false},"author":2,"featured_media":47053,"comment_status":"closed","ping_status":"closed","sticky":false,"template":"","format":"standard","meta":{"sfsi_plus_gutenberg_text_before_share":"","sfsi_plus_gutenberg_show_text_before_share":"","sfsi_plus_gutenberg_icon_type":"","sfsi_plus_gutenberg_icon_alignemt":"","sfsi_plus_gutenburg_max_per_row":"","footnotes":""},"categories":[6],"tags":[],"class_list":["post-47052","post","type-post","status-publish","format-standard","has-post-thumbnail","hentry","category-cidades"],"_links":{"self":[{"href":"https:\/\/www.caririemacao.com\/1\/wp-json\/wp\/v2\/posts\/47052","targetHints":{"allow":["GET"]}}],"collection":[{"href":"https:\/\/www.caririemacao.com\/1\/wp-json\/wp\/v2\/posts"}],"about":[{"href":"https:\/\/www.caririemacao.com\/1\/wp-json\/wp\/v2\/types\/post"}],"author":[{"embeddable":true,"href":"https:\/\/www.caririemacao.com\/1\/wp-json\/wp\/v2\/users\/2"}],"replies":[{"embeddable":true,"href":"https:\/\/www.caririemacao.com\/1\/wp-json\/wp\/v2\/comments?post=47052"}],"version-history":[{"count":0,"href":"https:\/\/www.caririemacao.com\/1\/wp-json\/wp\/v2\/posts\/47052\/revisions"}],"wp:featuredmedia":[{"embeddable":true,"href":"https:\/\/www.caririemacao.com\/1\/wp-json\/wp\/v2\/media\/47053"}],"wp:attachment":[{"href":"https:\/\/www.caririemacao.com\/1\/wp-json\/wp\/v2\/media?parent=47052"}],"wp:term":[{"taxonomy":"category","embeddable":true,"href":"https:\/\/www.caririemacao.com\/1\/wp-json\/wp\/v2\/categories?post=47052"},{"taxonomy":"post_tag","embeddable":true,"href":"https:\/\/www.caririemacao.com\/1\/wp-json\/wp\/v2\/tags?post=47052"}],"curies":[{"name":"wp","href":"https:\/\/api.w.org\/{rel}","templated":true}]}}