{"id":47062,"date":"2018-04-09T21:35:53","date_gmt":"2018-04-10T00:35:53","guid":{"rendered":"http:\/\/caririemacao.com\/1\/?p=47062"},"modified":"2018-04-09T21:35:53","modified_gmt":"2018-04-10T00:35:53","slug":"abertas-inscricoes-para-concurso-de-professor-da-ufcg-em-campina-grande","status":"publish","type":"post","link":"https:\/\/www.caririemacao.com\/1\/2018\/04\/09\/abertas-inscricoes-para-concurso-de-professor-da-ufcg-em-campina-grande\/","title":{"rendered":"Abertas inscri\u00e7\u00f5es para concurso de professor da UFCG, em Campina Grande"},"content":{"rendered":"<div class=\"mc-column content-text active-extra-styles active-capital-letter\" data-block-type=\"unstyled\" data-block-weight=\"62\" data-block-id=\"2\">\n<p class=\"content-text__container theme-color-primary-first-letter\" data-track-category=\"Link no Texto\" data-track-links=\"\">Est\u00e3o abertas, at\u00e9 o dia 20 deste m\u00eas, as inscri\u00e7\u00f5es para o concurso p\u00fablico que vai selecionar um professor para o curso de Engenharia de Produ\u00e7\u00e3o, no campus sede da Universidade Federal de Campina Grande (UFCG). De acordo com o\u00a0edital, o selecionado dever\u00e1 trabalhar na \u00e1rea de Express\u00e3o Gr\u00e1fica, cumprindo uma carga de 20 horas semanais e ingressando como professor adjunto.<\/p>\n<\/div>\n<div class=\"mc-column content-text active-extra-styles \" data-block-type=\"unstyled\" data-block-weight=\"71\" data-block-id=\"4\">\n<p class=\"content-text__container \" data-track-category=\"Link no Texto\" data-track-links=\"\">\u00c9 necess\u00e1rio que o candidato tenha gradua\u00e7\u00e3o em alguma engenharia ou nos cursos de Arquitetura e Urbanismo, Desenho Industrial, Design ou, ainda, Express\u00e3o Gr\u00e1fica, al\u00e9m do doutorado em uma das \u00e1reas. Os vencimentos, com retribui\u00e7\u00e3o por titula\u00e7\u00e3o, totalizam R$ 3.377,45. No entanto, caso n\u00e3o haja candidatos habilitados, ser\u00e1 aberto um novo per\u00edodo de inscri\u00e7\u00f5es, mas para a vaga de professor assistente, com titula\u00e7\u00e3o m\u00ednima exigida de mestrado em uma das \u00e1reas.<\/p>\n<\/div>\n<div class=\"mc-column content-text active-extra-styles \" data-block-type=\"unstyled\" data-block-weight=\"70\" data-block-id=\"5\">\n<p class=\"content-text__container \" data-track-category=\"Link no Texto\" data-track-links=\"\">As inscri\u00e7\u00f5es podem ser feitas na Secretaria da Unidade Acad\u00eamica de Engenharia de Produ\u00e7\u00e3o, do Centro de Ci\u00eancias e Tecnologia, da UFCG, e custam R$ 150. O hor\u00e1rio de atendimento ser\u00e1 das 8h \u00e0s 11h e das 14h \u00e0s 17h, de segunda a sexta-feira. Al\u00e9m disso, o candidato pode se inscrever por meio de procura\u00e7\u00e3o e via postal, Sedex, com aviso de recebimento (AR), dentro do prazo determinado no edital.<\/p>\n<\/div>\n<div data-track-category=\"fim do conteudo\" data-track-action=\"ultimo chunk conteudo\" data-track-noninteraction=\"false\" data-track-scroll=\"entrada completa viewport\">\n<div class=\"mc-column content-text active-extra-styles \" data-block-type=\"unstyled\" data-block-weight=\"68\" data-block-id=\"6\">\n<p class=\"content-text__container \" data-track-category=\"Link no Texto\" data-track-links=\"\">A sele\u00e7\u00e3o ser\u00e1 realizada em tr\u00eas etapas: prova escrita e did\u00e1tica, de car\u00e1ter eliminat\u00f3rio, seguidas por um exame de t\u00edtulos. As fases v\u00e3o ocorrer de 11 a 14 de junho. No caso da prova escrita (pr\u00e1tica), os pretendentes ter\u00e3o 4h para executar a tarefa proposta, que ser\u00e1 feita por meio da solu\u00e7\u00e3o de um problema envolvendo os fundamentos normatizados de Desenho T\u00e9cnico, fazendo uso do software AutoCAD 2015.<\/p>\n<p><strong>CARIRI EM A\u00c7\u00c3O<\/strong><\/p>\n<p><em>Com G1\/Foto: G1<\/em><\/p>\n<p><strong>Leia mais not\u00edcias em\u00a0<\/strong><a href=\"http:\/\/www.caririemacao.com\/\"><strong>caririemacao.com<\/strong><\/a><strong>, siga nossa p\u00e1gina no\u00a0<\/strong><a href=\"https:\/\/www.facebook.com\/CaririEmAcao\/?ref=aymt_homepage_panel\"><strong>Facebook<\/strong><\/a>,<strong>\u00a0<\/strong><a href=\"https:\/\/www.instagram.com\/cariri_em_acao\/?hl=pt-br\"><strong>Instagram<\/strong><\/a><strong>\u00a0e\u00a0<\/strong><a href=\"https:\/\/www.youtube.com\/channel\/UCAptA0jQuYQy8vMhLt2m4qg\"><strong>Youtube<\/strong><\/a><strong>\u00a0e veja nossas mat\u00e9rias, v\u00eddeos e fotos. Voc\u00ea tamb\u00e9m pode enviar informa\u00e7\u00f5es \u00e0 Reda\u00e7\u00e3o do Portal Cariri em A\u00e7\u00e3o pelo WhatsApp (83) 9 9634.5791, (83) 9 9601-1162.<\/strong><\/p>\n<\/div>\n<\/div>\n","protected":false},"excerpt":{"rendered":"<p>Est\u00e3o abertas, at\u00e9 o dia 20 deste m\u00eas, as inscri\u00e7\u00f5es para o concurso p\u00fablico que vai selecionar um professor para o curso de Engenharia de&hellip; <\/p>\n","protected":false},"author":2,"featured_media":41731,"comment_status":"closed","ping_status":"closed","sticky":false,"template":"","format":"standard","meta":{"sfsi_plus_gutenberg_text_before_share":"","sfsi_plus_gutenberg_show_text_before_share":"","sfsi_plus_gutenberg_icon_type":"","sfsi_plus_gutenberg_icon_alignemt":"","sfsi_plus_gutenburg_max_per_row":"","footnotes":""},"categories":[14],"tags":[],"class_list":["post-47062","post","type-post","status-publish","format-standard","has-post-thumbnail","hentry","category-educacao"],"_links":{"self":[{"href":"https:\/\/www.caririemacao.com\/1\/wp-json\/wp\/v2\/posts\/47062","targetHints":{"allow":["GET"]}}],"collection":[{"href":"https:\/\/www.caririemacao.com\/1\/wp-json\/wp\/v2\/posts"}],"about":[{"href":"https:\/\/www.caririemacao.com\/1\/wp-json\/wp\/v2\/types\/post"}],"author":[{"embeddable":true,"href":"https:\/\/www.caririemacao.com\/1\/wp-json\/wp\/v2\/users\/2"}],"replies":[{"embeddable":true,"href":"https:\/\/www.caririemacao.com\/1\/wp-json\/wp\/v2\/comments?post=47062"}],"version-history":[{"count":0,"href":"https:\/\/www.caririemacao.com\/1\/wp-json\/wp\/v2\/posts\/47062\/revisions"}],"wp:featuredmedia":[{"embeddable":true,"href":"https:\/\/www.caririemacao.com\/1\/wp-json\/wp\/v2\/media\/41731"}],"wp:attachment":[{"href":"https:\/\/www.caririemacao.com\/1\/wp-json\/wp\/v2\/media?parent=47062"}],"wp:term":[{"taxonomy":"category","embeddable":true,"href":"https:\/\/www.caririemacao.com\/1\/wp-json\/wp\/v2\/categories?post=47062"},{"taxonomy":"post_tag","embeddable":true,"href":"https:\/\/www.caririemacao.com\/1\/wp-json\/wp\/v2\/tags?post=47062"}],"curies":[{"name":"wp","href":"https:\/\/api.w.org\/{rel}","templated":true}]}}