{"id":47066,"date":"2018-04-09T21:45:50","date_gmt":"2018-04-10T00:45:50","guid":{"rendered":"http:\/\/caririemacao.com\/1\/?p=47066"},"modified":"2018-04-09T21:45:50","modified_gmt":"2018-04-10T00:45:50","slug":"ricardo-coutinho-vai-a-curitiba-para-visita-ao-ex-presidente-lula-na-prisao","status":"publish","type":"post","link":"https:\/\/www.caririemacao.com\/1\/2018\/04\/09\/ricardo-coutinho-vai-a-curitiba-para-visita-ao-ex-presidente-lula-na-prisao\/","title":{"rendered":"Ricardo Coutinho vai a Curitiba para visita ao ex-presidente Lula na pris\u00e3o"},"content":{"rendered":"<p>O governador Ricardo Coutinho (PSB) viaja em voo de carreira, nesta segunda-feira (9), para Curitiba, no Paran\u00e1. Ele integra a comitiva de gestores nordestinos que far\u00e1 visita de cortesia ao ex-presidente Lula (PT). O petista se entregou \u00e0 Pol\u00edcia Federal no \u00faltimo s\u00e1bado (7) e passou a cumprir pena de 12 anos e 1 m\u00eas de pris\u00e3o. Lula foi condenado sob acusa\u00e7\u00e3o de lavagem de dinheiro e corrup\u00e7\u00e3o passiva no caso da reforma no tr\u00edplex do Guaruj\u00e1, em S\u00e3o Paulo. O cumprimento da pena foi determinado pelo juiz federal S\u00e9rgio Moro, na \u00faltima quinta-feira (5), um dia ap\u00f3s o Supremo Tribunal Federal (STF) negar a concess\u00e3o de habeas corpus.<\/p>\n<p>A convoca\u00e7\u00e3o dos governadores foi feito pelo petista Camilo Santana, que comanda o Cear\u00e1. Dos nordestinos, apenas o pernambucano Paulo C\u00e2mara (PSB) n\u00e3o confirmou a ida a Curitiba no primeiro momento. A ida dele, no entanto, foi confirmada pela deputada estadual Manuela D\u2019\u00e1vila (RS) no final da manh\u00e3 desta segunda-feira. Ela \u00e9 filiada ao PCdoB e pr\u00e9-candidata \u00e0 presid\u00eancia pela sigla.<\/p>\n<p>\u201cEstamos fazendo uma comitiva de governadores do Nordeste para fazer uma visita de\u00a0solidariedade ao presidente. O Lula, ao meu ver, foi o maior presidente da hist\u00f3ria deste\u00a0Pa\u00eds. Ele olhou para o Nordeste e tirou milh\u00f5es de brasileiros da extrema pobreza, dando\u00a0dignidade aos mais pobres\u201d, ressaltou Camilo durante a aula inaugural da 4\u00aa turma da\u00a0Pol\u00edcia Militar do Cear\u00e1 (PMCE), realizada nesta manh\u00e3 na Academia Estadual de\u00a0Seguran\u00e7a P\u00fablica (Aesp)\u201d, disse Santana.<\/p>\n<p>Apesar da prerrogativa de viajar com jatinho do governo, a assessoria de imprensa do Estado disse que Ricardo Coutinho vai para Curitiba em voo de carreira. O ex-presidente Lula cumpre pena em cela da carceragem da Pol\u00edcia Federal.<\/p>\n<p><strong>CARIRI EM A\u00c7\u00c3O<\/strong><\/p>\n<p><em>Com Blog do Suetoni\/Foto: Reprodu\u00e7\u00e3o google<\/em><\/p>\n<p><strong>Leia mais not\u00edcias em\u00a0<\/strong><a href=\"http:\/\/www.caririemacao.com\/\"><strong>caririemacao.com<\/strong><\/a><strong>, siga nossa p\u00e1gina no\u00a0<\/strong><a href=\"https:\/\/www.facebook.com\/CaririEmAcao\/?ref=aymt_homepage_panel\"><strong>Facebook<\/strong><\/a>,<strong>\u00a0<\/strong><a href=\"https:\/\/www.instagram.com\/cariri_em_acao\/?hl=pt-br\"><strong>Instagram<\/strong><\/a><strong>\u00a0e\u00a0<\/strong><a href=\"https:\/\/www.youtube.com\/channel\/UCAptA0jQuYQy8vMhLt2m4qg\"><strong>Youtube<\/strong><\/a><strong>\u00a0e veja nossas mat\u00e9rias, v\u00eddeos e fotos. Voc\u00ea tamb\u00e9m pode enviar informa\u00e7\u00f5es \u00e0 Reda\u00e7\u00e3o do Portal Cariri em A\u00e7\u00e3o pelo WhatsApp (83) 9 9634.5791, (83) 9 9601-1162.<\/strong><\/p>\n","protected":false},"excerpt":{"rendered":"<p>O governador Ricardo Coutinho (PSB) viaja em voo de carreira, nesta segunda-feira (9), para Curitiba, no Paran\u00e1. Ele integra a comitiva de gestores nordestinos que&hellip; <\/p>\n","protected":false},"author":2,"featured_media":47067,"comment_status":"closed","ping_status":"closed","sticky":false,"template":"","format":"standard","meta":{"sfsi_plus_gutenberg_text_before_share":"","sfsi_plus_gutenberg_show_text_before_share":"","sfsi_plus_gutenberg_icon_type":"","sfsi_plus_gutenberg_icon_alignemt":"","sfsi_plus_gutenburg_max_per_row":"","footnotes":""},"categories":[11],"tags":[],"class_list":["post-47066","post","type-post","status-publish","format-standard","has-post-thumbnail","hentry","category-politica"],"_links":{"self":[{"href":"https:\/\/www.caririemacao.com\/1\/wp-json\/wp\/v2\/posts\/47066","targetHints":{"allow":["GET"]}}],"collection":[{"href":"https:\/\/www.caririemacao.com\/1\/wp-json\/wp\/v2\/posts"}],"about":[{"href":"https:\/\/www.caririemacao.com\/1\/wp-json\/wp\/v2\/types\/post"}],"author":[{"embeddable":true,"href":"https:\/\/www.caririemacao.com\/1\/wp-json\/wp\/v2\/users\/2"}],"replies":[{"embeddable":true,"href":"https:\/\/www.caririemacao.com\/1\/wp-json\/wp\/v2\/comments?post=47066"}],"version-history":[{"count":0,"href":"https:\/\/www.caririemacao.com\/1\/wp-json\/wp\/v2\/posts\/47066\/revisions"}],"wp:featuredmedia":[{"embeddable":true,"href":"https:\/\/www.caririemacao.com\/1\/wp-json\/wp\/v2\/media\/47067"}],"wp:attachment":[{"href":"https:\/\/www.caririemacao.com\/1\/wp-json\/wp\/v2\/media?parent=47066"}],"wp:term":[{"taxonomy":"category","embeddable":true,"href":"https:\/\/www.caririemacao.com\/1\/wp-json\/wp\/v2\/categories?post=47066"},{"taxonomy":"post_tag","embeddable":true,"href":"https:\/\/www.caririemacao.com\/1\/wp-json\/wp\/v2\/tags?post=47066"}],"curies":[{"name":"wp","href":"https:\/\/api.w.org\/{rel}","templated":true}]}}