{"id":47069,"date":"2018-04-09T21:48:07","date_gmt":"2018-04-10T00:48:07","guid":{"rendered":"http:\/\/caririemacao.com\/1\/?p=47069"},"modified":"2018-04-09T21:48:07","modified_gmt":"2018-04-10T00:48:07","slug":"boqueirao-recebe-mais-de-15-milhoes-de-metros-cubicos-de-agua-apos-chuvas","status":"publish","type":"post","link":"https:\/\/www.caririemacao.com\/1\/2018\/04\/09\/boqueirao-recebe-mais-de-15-milhoes-de-metros-cubicos-de-agua-apos-chuvas\/","title":{"rendered":"Boqueir\u00e3o recebe mais de 15 milh\u00f5es de metros c\u00fabicos de \u00e1gua ap\u00f3s chuvas"},"content":{"rendered":"<p>O a\u00e7ude Epit\u00e1cio Pessoa, mais conhecido como Boqueir\u00e3o, recebeu mais 15 milh\u00f5es de metros c\u00fabicos de \u00e1gua devido \u00e0s chuvas registradas na regi\u00e3o do Cariri no \u00faltimo fim de semana. Segundo os dados de monitoramento da Ag\u00eancia Executiva de Gest\u00e3o das \u00c1guas do Estado da Para\u00edba (Aesa), o manancial acumula nesta segunda-feira (9) o volume de 90.537.373,28 milh\u00f5es de metros c\u00fabicos de \u00e1gua, o equivalente ao total de 21,99% de toda sua capacidade h\u00eddrica.<\/p>\n<p>Na sexta-feira (6), o a\u00e7ude Boqueir\u00e3o armazenava 71.227.638,40 milh\u00f5es de metros c\u00fabicos de \u00e1gua. O reservat\u00f3rio \u00e9 respons\u00e1vel pelo abastecimento de Campina Grande e outras 18 cidades da regi\u00e3o.\u00a0 Desde a quarta-feira (4) suas comportas foram abertas para atender\u00a0outros 14 munic\u00edpios, atrav\u00e9s do sistema de abastecimento da barragem de Acau\u00e3.<\/p>\n<h4>Situa\u00e7\u00e3o de outros reservat\u00f3rios<\/h4>\n<p>O maior manancial da Para\u00edba, o a\u00e7ude Coremas, tamb\u00e9m registrou uma boa recarga h\u00eddrica devido as chuvas do fim de semana e acumulou mais de 10 milh\u00f5es de metros c\u00fabicos de \u00e1gua. A recarga representa quase 3% comparado ao volume h\u00eddrico da sexta-feira (7), quando o reservat\u00f3rio registrava 64.744.368 milh\u00f5es de metros c\u00fabicos de \u00e1gua.<\/p>\n<p>Segundo a Aesa, nesta segunda-feira (9) o a\u00e7ude\u00a0 armazena 75.991.727,04 milh\u00f5es de metros\u00a0 c\u00fabicos de \u00e1gua, o equivalente a 12,84% de toda sua capacidade h\u00eddrica. O a\u00e7ude de M\u00e3e D\u2019\u00c1gua, que forma o complexo M\u00e3e D\u2019\u00c1gua\/Coremas tamb\u00e9m aumentou o volume h\u00eddrico, atingindo o percentual de 6,29% de sua capacidade.<\/p>\n<p>O manancial registrava em janeiro, segundo dados da Aesa, menos de 20 milh\u00f5es de metros c\u00fabicos de \u00e1gua, menos de 3% de sua capacidade,\u00a0 e acumula nesta segunda-feira o volume de\u00a0 35.701.573,60 milh\u00f5es.<\/p>\n<p>De acordo com o relat\u00f3rio da Aesa, oito reservat\u00f3rios est\u00e3o sangrando atualmente no estado: Bom Jesus, em Carrapateira; Cafund\u00f3, em Serra Grande; Cachoeira da Vaca, em Cachoeira dos \u00cdndios; S\u00e3o Jos\u00e9 I, em S\u00e3o Jos\u00e9 de Piranhas; Vazante, em Diamante; Ara\u00e7agi, na cidade de mesmo nome; Olho D\u2019\u00e1gua, em Mari; e Tapero\u00e1 II, em Tapero\u00e1.<\/p>\n<h4>Chuvas atingem 58 cidades<\/h4>\n<p>Nas \u00faltimas 24 horas, segundo o relat\u00f3rio de monitoramento do tempo da Aesa, choveu em pelo menos 58 cidades da Para\u00edba. O maior \u00edndice pluviom\u00e9trico foi registrado em S\u00e3o Jos\u00e9 dos Cordeiros, na regi\u00e3o do Cariri, sendo 144 mil\u00edmetros. J\u00e1 o menor \u00edndice foi registrado em Jacara\u00fa, na Mata Paraibana, apenas 0,9 mm.<\/p>\n<h4>Cidades onde mais choveu<\/h4>\n<p>S\u00e3o Jos\u00e9 dos Cordeiros 144,0 mm<br \/>\nCatingueira 110,0 mm<br \/>\nTapero\u00e1 104,5 mm<br \/>\nLagoa 71,2 mm<br \/>\nPrincesa Isabel 67,2 mm<br \/>\nPassagem 66,8 mm<br \/>\nS\u00e3o Jos\u00e9 de Piranhas 57,3 mm<br \/>\nCacimba de Areia 51,0 mm<br \/>\nOuro Velho 50,2 mm<br \/>\nMalta 46,0 mm<\/p>\n<h4>Previs\u00e3o<\/h4>\n<p>A meteorologista da Aesa, Marle Bandeira, informou que as chuvas devem continuar durante toda semana nas regi\u00f5es do estado da Para\u00edba. \u201cA previs\u00e3o indica o registro de novas chuvas para o estado durante essa semana, considerando a condi\u00e7\u00e3o da atmosfera favor\u00e1vel para as precipita\u00e7\u00f5es, mas s\u00e3o chuvas localizadas, podendo chover em determinados locais e outros n\u00e3o\u201d, explicou.<\/p>\n<p><strong>CARIRI EM A\u00c7\u00c3O<\/strong><\/p>\n<p><em>Com Jornal da Para\u00edba\/Foto:\u00a0Jornal da Para\u00edba<\/em><\/p>\n<p><strong>Leia mais not\u00edcias em\u00a0<\/strong><a href=\"http:\/\/www.caririemacao.com\/\"><strong>caririemacao.com<\/strong><\/a><strong>, siga nossa p\u00e1gina no\u00a0<\/strong><a href=\"https:\/\/www.facebook.com\/CaririEmAcao\/?ref=aymt_homepage_panel\"><strong>Facebook<\/strong><\/a>,<strong>\u00a0<\/strong><a href=\"https:\/\/www.instagram.com\/cariri_em_acao\/?hl=pt-br\"><strong>Instagram<\/strong><\/a><strong>\u00a0e\u00a0<\/strong><a href=\"https:\/\/www.youtube.com\/channel\/UCAptA0jQuYQy8vMhLt2m4qg\"><strong>Youtube<\/strong><\/a><strong>\u00a0e veja nossas mat\u00e9rias, v\u00eddeos e fotos. Voc\u00ea tamb\u00e9m pode enviar informa\u00e7\u00f5es \u00e0 Reda\u00e7\u00e3o do Portal Cariri em A\u00e7\u00e3o pelo WhatsApp (83) 9 9634.5791, (83) 9 9601-1162.<\/strong><\/p>\n","protected":false},"excerpt":{"rendered":"<p>O a\u00e7ude Epit\u00e1cio Pessoa, mais conhecido como Boqueir\u00e3o, recebeu mais 15 milh\u00f5es de metros c\u00fabicos de \u00e1gua devido \u00e0s chuvas registradas na regi\u00e3o do Cariri&hellip; <\/p>\n","protected":false},"author":2,"featured_media":47070,"comment_status":"closed","ping_status":"closed","sticky":false,"template":"","format":"standard","meta":{"sfsi_plus_gutenberg_text_before_share":"","sfsi_plus_gutenberg_show_text_before_share":"","sfsi_plus_gutenberg_icon_type":"","sfsi_plus_gutenberg_icon_alignemt":"","sfsi_plus_gutenburg_max_per_row":"","footnotes":""},"categories":[2],"tags":[],"class_list":["post-47069","post","type-post","status-publish","format-standard","has-post-thumbnail","hentry","category-geral"],"_links":{"self":[{"href":"https:\/\/www.caririemacao.com\/1\/wp-json\/wp\/v2\/posts\/47069","targetHints":{"allow":["GET"]}}],"collection":[{"href":"https:\/\/www.caririemacao.com\/1\/wp-json\/wp\/v2\/posts"}],"about":[{"href":"https:\/\/www.caririemacao.com\/1\/wp-json\/wp\/v2\/types\/post"}],"author":[{"embeddable":true,"href":"https:\/\/www.caririemacao.com\/1\/wp-json\/wp\/v2\/users\/2"}],"replies":[{"embeddable":true,"href":"https:\/\/www.caririemacao.com\/1\/wp-json\/wp\/v2\/comments?post=47069"}],"version-history":[{"count":0,"href":"https:\/\/www.caririemacao.com\/1\/wp-json\/wp\/v2\/posts\/47069\/revisions"}],"wp:featuredmedia":[{"embeddable":true,"href":"https:\/\/www.caririemacao.com\/1\/wp-json\/wp\/v2\/media\/47070"}],"wp:attachment":[{"href":"https:\/\/www.caririemacao.com\/1\/wp-json\/wp\/v2\/media?parent=47069"}],"wp:term":[{"taxonomy":"category","embeddable":true,"href":"https:\/\/www.caririemacao.com\/1\/wp-json\/wp\/v2\/categories?post=47069"},{"taxonomy":"post_tag","embeddable":true,"href":"https:\/\/www.caririemacao.com\/1\/wp-json\/wp\/v2\/tags?post=47069"}],"curies":[{"name":"wp","href":"https:\/\/api.w.org\/{rel}","templated":true}]}}