{"id":47077,"date":"2018-04-09T21:55:30","date_gmt":"2018-04-10T00:55:30","guid":{"rendered":"http:\/\/caririemacao.com\/1\/?p=47077"},"modified":"2018-04-09T21:55:30","modified_gmt":"2018-04-10T00:55:30","slug":"ministra-carmen-lucia-assumira-presidencia-da-republica-nesta-sexta-feira","status":"publish","type":"post","link":"https:\/\/www.caririemacao.com\/1\/2018\/04\/09\/ministra-carmen-lucia-assumira-presidencia-da-republica-nesta-sexta-feira\/","title":{"rendered":"Ministra C\u00e1rmen L\u00facia assumir\u00e1 Presid\u00eancia da Rep\u00fablica nesta sexta-feira"},"content":{"rendered":"<p>Nesta sexta-feira (13), a presidente do Supremo Tribunal Federal (STF), ministra C\u00e1rmen L\u00facia, assumir\u00e1 a presid\u00eancia da Rep\u00fablica por algumas horas.<\/p>\n<p>Isso porque o presidente Michel Temer viajar\u00e1 para o Peru, onde participar\u00e1 da C\u00fapula das Am\u00e9ricas.<\/p>\n<p>C\u00e1rmen L\u00facia assume o comando do pa\u00eds assim que Temer deixar o espa\u00e7o a\u00e9reo brasileiro, na sexta-feira. O presidente retorna no dia seguinte, em hor\u00e1rio a definir.<\/p>\n<p>Apesar de Rodrigo Maia, presidente da C\u00e2mara, e Eun\u00edcio Oliveira, presidente do Senado, aparecem na frente de C\u00e1rmen L\u00facia na linha sucess\u00f3ria, eles se tornariam ineleg\u00edveis no pleito deste ano caso assumissem o posto de Temer. Com isso, ambos deixar\u00e3o o pa\u00eds no mesmo per\u00edodo. Eun\u00edcio far\u00e1 uma viagem previamente marcada ao Jap\u00e3o e Maia visitar\u00e1 o Panam\u00e1 para participar de um evento.<\/p>\n<p>N\u00e3o \u00e9 a primeira vez que um presidente do STF assume interinamente a presid\u00eancia da Rep\u00fablica. Em setembro de 2014, Ricardo Lewandowski foi presidente por dois dias, quando a presidente Dilma Rousseff e Michel Temer, ent\u00e3o vice-presidente, estavam em agendas fora do pa\u00eds.<\/p>\n<p>Em 2002, foi o ministro Marco Aur\u00e9lio Mello, em virtude de uma viagem de Fernando Henrique Cardoso \u00e0 Europa. Na ocasi\u00e3o, o vice-presidente tamb\u00e9m estava fora do pa\u00eds e os presidentes da C\u00e2mara e o Senado acompanharam FHC em sua viagem.<\/p>\n<p>Os outros ministros do STF que j\u00e1 assumiram interinamente a cadeira de presidente da Rep\u00fablica foram Jos\u00e9 Linhares, que assumiu, com a deposi\u00e7\u00e3o de Get\u00falio Vargas, de 30 de outubro de 1945 a 31 de janeiro de 1946; Jos\u00e9 Carlos Moreira Alves, em 1986; e Oct\u00e1vio Gallotti, em agosto de 1994.<\/p>\n<p><strong>CARIRI EM A\u00c7\u00c3O<\/strong><\/p>\n<p><em>Com Ag\u00eancia Brasil\/Foto: Reprodu\u00e7\u00e3o Internet<\/em><\/p>\n<p><strong>Leia mais not\u00edcias em\u00a0<\/strong><a href=\"http:\/\/www.caririemacao.com\/\"><strong>caririemacao.com<\/strong><\/a><strong>, siga nossa p\u00e1gina no\u00a0<\/strong><a href=\"https:\/\/www.facebook.com\/CaririEmAcao\/?ref=aymt_homepage_panel\"><strong>Facebook<\/strong><\/a>,<strong>\u00a0<\/strong><a href=\"https:\/\/www.instagram.com\/cariri_em_acao\/?hl=pt-br\"><strong>Instagram<\/strong><\/a><strong>\u00a0e\u00a0<\/strong><a href=\"https:\/\/www.youtube.com\/channel\/UCAptA0jQuYQy8vMhLt2m4qg\"><strong>Youtube<\/strong><\/a><strong>\u00a0e veja nossas mat\u00e9rias, v\u00eddeos e fotos. Voc\u00ea tamb\u00e9m pode enviar informa\u00e7\u00f5es \u00e0 Reda\u00e7\u00e3o do Portal Cariri em A\u00e7\u00e3o pelo WhatsApp (83) 9 9634.5791, (83) 9 9601-1162.<\/strong><\/p>\n","protected":false},"excerpt":{"rendered":"<p>Nesta sexta-feira (13), a presidente do Supremo Tribunal Federal (STF), ministra C\u00e1rmen L\u00facia, assumir\u00e1 a presid\u00eancia da Rep\u00fablica por algumas horas. Isso porque o presidente&hellip; <\/p>\n","protected":false},"author":2,"featured_media":47078,"comment_status":"closed","ping_status":"closed","sticky":false,"template":"","format":"standard","meta":{"sfsi_plus_gutenberg_text_before_share":"","sfsi_plus_gutenberg_show_text_before_share":"","sfsi_plus_gutenberg_icon_type":"","sfsi_plus_gutenberg_icon_alignemt":"","sfsi_plus_gutenburg_max_per_row":"","footnotes":""},"categories":[11],"tags":[],"class_list":["post-47077","post","type-post","status-publish","format-standard","has-post-thumbnail","hentry","category-politica"],"_links":{"self":[{"href":"https:\/\/www.caririemacao.com\/1\/wp-json\/wp\/v2\/posts\/47077","targetHints":{"allow":["GET"]}}],"collection":[{"href":"https:\/\/www.caririemacao.com\/1\/wp-json\/wp\/v2\/posts"}],"about":[{"href":"https:\/\/www.caririemacao.com\/1\/wp-json\/wp\/v2\/types\/post"}],"author":[{"embeddable":true,"href":"https:\/\/www.caririemacao.com\/1\/wp-json\/wp\/v2\/users\/2"}],"replies":[{"embeddable":true,"href":"https:\/\/www.caririemacao.com\/1\/wp-json\/wp\/v2\/comments?post=47077"}],"version-history":[{"count":0,"href":"https:\/\/www.caririemacao.com\/1\/wp-json\/wp\/v2\/posts\/47077\/revisions"}],"wp:featuredmedia":[{"embeddable":true,"href":"https:\/\/www.caririemacao.com\/1\/wp-json\/wp\/v2\/media\/47078"}],"wp:attachment":[{"href":"https:\/\/www.caririemacao.com\/1\/wp-json\/wp\/v2\/media?parent=47077"}],"wp:term":[{"taxonomy":"category","embeddable":true,"href":"https:\/\/www.caririemacao.com\/1\/wp-json\/wp\/v2\/categories?post=47077"},{"taxonomy":"post_tag","embeddable":true,"href":"https:\/\/www.caririemacao.com\/1\/wp-json\/wp\/v2\/tags?post=47077"}],"curies":[{"name":"wp","href":"https:\/\/api.w.org\/{rel}","templated":true}]}}