{"id":47080,"date":"2018-04-09T22:03:25","date_gmt":"2018-04-10T01:03:25","guid":{"rendered":"http:\/\/caririemacao.com\/1\/?p=47080"},"modified":"2018-04-09T22:03:25","modified_gmt":"2018-04-10T01:03:25","slug":"lula-pode-recorrer-ao-stj-e-stf-ate-o-dia-23","status":"publish","type":"post","link":"https:\/\/www.caririemacao.com\/1\/2018\/04\/09\/lula-pode-recorrer-ao-stj-e-stf-ate-o-dia-23\/","title":{"rendered":"Lula pode recorrer ao STJ e STF at\u00e9 o dia 23"},"content":{"rendered":"<div class=\"mc-column content-text active-extra-styles active-capital-letter\" data-block-type=\"unstyled\" data-block-weight=\"37\" data-block-id=\"2\">\n<p class=\"content-text__container theme-color-primary-first-letter\" data-track-category=\"Link no Texto\" data-track-links=\"\">Come\u00e7ou a contar \u00e0 meia-noite desta segunda-feira (9) o prazo de 15 dias corridos para o ex-presidente Luiz In\u00e1cio Lula da Silva recorrer aos tribunais superiores de Bras\u00edlia da condena\u00e7\u00e3o no caso do triplex em Guaruj\u00e1 (SP).<\/p>\n<\/div>\n<div class=\"mc-column content-text active-extra-styles \" data-block-type=\"unstyled\" data-block-weight=\"28\" data-block-id=\"3\">\n<p class=\"content-text__container \" data-track-category=\"Link no Texto\" data-track-links=\"\">O Tribunal Regional Federal da 4\u00aa Regi\u00e3o (STF) informou ao\u00a0<strong>G1<\/strong>\u00a0que a data-limite para apresentar os dois recursos termina \u00e0s 23h59 do pr\u00f3ximo dia 23 de abril.<\/p>\n<\/div>\n<div class=\"mc-column content-text active-extra-styles \" data-block-type=\"unstyled\" data-block-weight=\"39\" data-block-id=\"4\">\n<p class=\"content-text__container \" data-track-category=\"Link no Texto\" data-track-links=\"\">Caso a defesa ainda tente um \u00faltimo recurso contra a condena\u00e7\u00e3o no pr\u00f3prio TRF-4, inst\u00e2ncia abaixo do STF e STJ, o prazo de 15 dias come\u00e7ar\u00e1 a contar s\u00f3 a partir da decis\u00e3o sobre esse recurso (<em>entenda mais abaixo<\/em>).<\/p>\n<\/div>\n<div class=\"mc-column content-text active-extra-styles \" data-block-type=\"unstyled\" data-block-weight=\"43\" data-block-id=\"5\">\n<p class=\"content-text__container \" data-track-category=\"Link no Texto\" data-track-links=\"\">Lula foi\u00a0condenado por corrup\u00e7\u00e3o e lavagem de dinheiro\u00a0em junho do ano passado em primeira inst\u00e2ncia, pelo juiz Sergio Moro; em janeiro, a condena\u00e7\u00e3o foi confirmada em segunda inst\u00e2ncia, pelo TRF-4, com\u00a0pena ampliada para 12 anos e 1 m\u00eas de pris\u00e3o.<\/p>\n<\/div>\n<div class=\"mc-column content-text active-extra-styles \" data-block-type=\"unstyled\" data-block-weight=\"24\" data-block-id=\"6\">\n<p class=\"content-text__container \" data-track-category=\"Link no Texto\" data-track-links=\"\">No s\u00e1bado (7),\u00a0ele foi preso\u00a0ap\u00f3s ter um recurso negado no TRF-4 e v\u00e1rios pedidos para evitar a pris\u00e3o negados nas inst\u00e2ncias superiores.<\/p>\n<\/div>\n<div class=\"mc-column content-text active-extra-styles\" data-block-type=\"raw\" data-block-weight=\"3\" data-block-id=\"7\">\n<div class=\"content-intertitle\">\n<h2>Tipos de recursos<\/h2>\n<\/div>\n<\/div>\n<div class=\"mc-column content-text active-extra-styles \" data-block-type=\"unstyled\" data-block-weight=\"15\" data-block-id=\"8\">\n<p class=\"content-text__container \" data-track-category=\"Link no Texto\" data-track-links=\"\">Para tentar ser absolvido e derrubar a puni\u00e7\u00e3o, Lula poder\u00e1 apresentar dois tipos de apela\u00e7\u00e3o:<\/p>\n<\/div>\n<div class=\"mc-column content-text active-extra-styles\" data-block-type=\"raw\" data-block-weight=\"69\" data-block-id=\"9\">\n<ol class=\"content-ordered-list theme-ordered-list-color-primary\">\n<li>Recurso especial (Resp), junto ao Superior Tribunal de Justi\u00e7a (STJ), terceira inst\u00e2ncia do Judici\u00e1rio, sediado em Bras\u00edlia. Esse tipo de recurso serve para questionar a aplica\u00e7\u00e3o da lei federal (C\u00f3digo Penal, de Processo Penal, etc.) no processo.<\/li>\n<li>Recurso extraordin\u00e1rio (RE), junto ao Supremo Tribunal Federal (STF), quarta e mais alta inst\u00e2ncia, tamb\u00e9m localizado na capital federal. \u00c9 apresentado quando se questiona a aplica\u00e7\u00e3o correta da Constitui\u00e7\u00e3o Federal no caso.<\/li>\n<\/ol>\n<\/div>\n<div class=\"mc-column content-text active-extra-styles \" data-block-type=\"unstyled\" data-block-weight=\"34\" data-block-id=\"10\">\n<p class=\"content-text__container \" data-track-category=\"Link no Texto\" data-track-links=\"\">Embora dirigidos aos dois tribunais superiores, os dois recursos devem necessariamente ser protocolados no TRF-4. Caber\u00e1 \u00e0 vice-presidente do TRF-4, desembargadora Maria de F\u00e1tima Labarr\u00e8re, decidir se encaminha essas apela\u00e7\u00f5es ao STJ e STF.<\/p>\n<\/div>\n<div class=\"mc-column content-text active-extra-styles\" data-block-type=\"raw\" data-block-weight=\"1\" data-block-id=\"13\">\n<div class=\"content-intertitle\">\n<h2>Prazos<\/h2>\n<\/div>\n<\/div>\n<div class=\"mc-column content-text active-extra-styles\" data-block-type=\"raw\" data-block-weight=\"134\" data-block-id=\"14\">\n<ul class=\"content-unordered-list\">\n<li>O prazo para apresentar o Resp ou o RE ao TRF-4 come\u00e7ou a contar \u00e0s 00h00 desta segunda (9 de abril) e vai at\u00e9 as 23h59 do dia 23 de abril \u2013 total de 15 dias corridos.<\/li>\n<li>Depois da apresenta\u00e7\u00e3o desses recursos, o Minist\u00e9rio P\u00fablico ter\u00e1 mais 15 dias corridos para contestar o recurso (especial ou extraordin\u00e1rio) no TRF-4 e pedir a manuten\u00e7\u00e3o da condena\u00e7\u00e3o.<\/li>\n<li>Com os recursos e as contrarraz\u00f5es do MP em m\u00e3os, Maria de F\u00e1tima Labarr\u00e8re decide se envia o Resp para o STJ e o RE para o STF \u2013 ela vai analisar se o recurso especial discute alguma quest\u00e3o relevante sobre a aplica\u00e7\u00e3o da lei federal no processo e se o recurso extraordin\u00e1rio discute alguma viola\u00e7\u00e3o \u00e0 Constitui\u00e7\u00e3o. Isso dever\u00e1 ocorrer a partir de maio, mas n\u00e3o h\u00e1 data-limite.<\/li>\n<\/ul>\n<\/div>\n<div class=\"mc-column content-text active-extra-styles\" data-block-type=\"raw\" data-block-weight=\"1\" data-block-id=\"15\">\n<div class=\"content-intertitle\">\n<h2>Regras<\/h2>\n<\/div>\n<\/div>\n<div class=\"mc-column content-text active-extra-styles\" data-block-type=\"raw\" data-block-weight=\"190\" data-block-id=\"16\">\n<ul class=\"content-unordered-list\">\n<li>Se a defesa apresentar, de forma conjunta e simult\u00e2nea, o Resp e o RE junto ao TRF-4, Maria de F\u00e1tima Labarr\u00e8re poder\u00e1 admitir nenhum deles, apenas um deles ou os dois. Para cada um que for aceito no TRF-4, caber\u00e1 ao tribunal superior correspondente (STJ ou STF) fazer um novo ju\u00edzo de admissibilidade para decidir se aceita ou n\u00e3o o recebimento daquele recurso. Cabem recursos intermedi\u00e1rios contra qualquer dessas decis\u00f5es de admissibilidade.<\/li>\n<li>O RE, mesmo admitido, no entanto, s\u00f3 vai ser julgado no STF depois que o STJ concluir o julgamento do recurso especial \u2013 nesse per\u00edodo, o RE fica aguardando o julgamento final do Resp no STJ.<\/li>\n<li>A defesa ainda pode apresentar embargos dos embargos de declara\u00e7\u00e3o ao TRF-4 (um segundo recurso de segunda inst\u00e2ncia) at\u00e9 as 23h59 desta ter\u00e7a-feira (10 de abril). Se isso acontecer, o prazo de 15 dias para apresenta\u00e7\u00e3o do Resp e do RE ao TRF-4 \u00e9 reiniciado e passa a contar no dia seguinte \u00e0 publica\u00e7\u00e3o do ac\u00f3rd\u00e3o do julgamento desse segundo recurso. Isso n\u00e3o tem data para ocorrer e pode demorar mais dias, dependendo da quest\u00e3o a ser esclarecida nesses embargos dos embargos.<\/li>\n<\/ul>\n<\/div>\n<div class=\"mc-column content-text active-extra-styles \" data-block-type=\"unstyled\" data-block-weight=\"29\" data-block-id=\"18\">\n<p class=\"content-text__container \" data-track-category=\"Link no Texto\" data-track-links=\"\">At\u00e9 a publica\u00e7\u00e3o desta reportagem, a defesa de Lula ainda estudava a estrat\u00e9gia a ser seguida a partir da pris\u00e3o do ex-presidente e ainda n\u00e3o havia apresentado nenhum recurso.<\/p>\n<\/div>\n<div class=\"mc-column content-text active-extra-styles\" data-block-type=\"raw\" data-block-weight=\"1\" data-block-id=\"19\">\n<div class=\"content-intertitle\">\n<h2>Pris\u00e3o<\/h2>\n<\/div>\n<\/div>\n<div class=\"mc-column content-text active-extra-styles \" data-block-type=\"unstyled\" data-block-weight=\"56\" data-block-id=\"20\">\n<p class=\"content-text__container \" data-track-category=\"Link no Texto\" data-track-links=\"\">Independentemente da tentativa de reverter a condena\u00e7\u00e3o no STJ e no STF \u2013 algo que j\u00e1 n\u00e3o \u00e9 mais poss\u00edvel no TRF-4, cujo recurso s\u00f3 visa esclarecer algum ponto duvidoso na senten\u00e7a \u2013, Lula ainda pode ser solto se o STF mudar o atual entendimento que permite a execu\u00e7\u00e3o da pena ap\u00f3s condena\u00e7\u00e3o em segunda inst\u00e2ncia.<\/p>\n<\/div>\n<div class=\"mc-column content-text active-extra-styles \" data-block-type=\"unstyled\" data-block-weight=\"37\" data-block-id=\"21\">\n<p class=\"content-text__container \" data-track-category=\"Link no Texto\" data-track-links=\"\">Na pr\u00f3xima quarta (11), o ministro Marco Aur\u00e9lio, relator de duas a\u00e7\u00f5es que discutem a quest\u00e3o,\u00a0pretende levar para julgamento em plen\u00e1rio um pedido de decis\u00e3o liminar (provis\u00f3ria) para\u00a0soltar todos aqueles presos que recorrem ao STJ.<\/p>\n<\/div>\n<div class=\"mc-column content-text active-extra-styles \" data-block-type=\"unstyled\" data-block-weight=\"13\" data-block-id=\"22\">\n<p class=\"content-text__container \" data-track-category=\"Link no Texto\" data-track-links=\"\">A decis\u00e3o poder\u00e1 beneficiar n\u00e3o s\u00f3 Lula, como demais presos ap\u00f3s segunda inst\u00e2ncia.<\/p>\n<p><strong>CARIRI EM A\u00c7\u00c3O<\/strong><\/p>\n<p><em>Com Wscom\/Foto: Reprodu\u00e7\u00e3o Internet<\/em><\/p>\n<p><strong>Leia mais not\u00edcias em\u00a0<\/strong><a href=\"http:\/\/www.caririemacao.com\/\"><strong>caririemacao.com<\/strong><\/a><strong>, siga nossa p\u00e1gina no\u00a0<\/strong><a href=\"https:\/\/www.facebook.com\/CaririEmAcao\/?ref=aymt_homepage_panel\"><strong>Facebook<\/strong><\/a>,<strong>\u00a0<\/strong><a href=\"https:\/\/www.instagram.com\/cariri_em_acao\/?hl=pt-br\"><strong>Instagram<\/strong><\/a><strong>\u00a0e\u00a0<\/strong><a href=\"https:\/\/www.youtube.com\/channel\/UCAptA0jQuYQy8vMhLt2m4qg\"><strong>Youtube<\/strong><\/a><strong>\u00a0e veja nossas mat\u00e9rias, v\u00eddeos e fotos. Voc\u00ea tamb\u00e9m pode enviar informa\u00e7\u00f5es \u00e0 Reda\u00e7\u00e3o do Portal Cariri em A\u00e7\u00e3o pelo WhatsApp (83) 9 9634.5791, (83) 9 9601-1162.<\/strong><\/p>\n<\/div>\n","protected":false},"excerpt":{"rendered":"<p>Come\u00e7ou a contar \u00e0 meia-noite desta segunda-feira (9) o prazo de 15 dias corridos para o ex-presidente Luiz In\u00e1cio Lula da Silva recorrer aos tribunais&hellip; <\/p>\n","protected":false},"author":2,"featured_media":46472,"comment_status":"closed","ping_status":"closed","sticky":false,"template":"","format":"standard","meta":{"sfsi_plus_gutenberg_text_before_share":"","sfsi_plus_gutenberg_show_text_before_share":"","sfsi_plus_gutenberg_icon_type":"","sfsi_plus_gutenberg_icon_alignemt":"","sfsi_plus_gutenburg_max_per_row":"","footnotes":""},"categories":[11],"tags":[],"class_list":["post-47080","post","type-post","status-publish","format-standard","has-post-thumbnail","hentry","category-politica"],"_links":{"self":[{"href":"https:\/\/www.caririemacao.com\/1\/wp-json\/wp\/v2\/posts\/47080","targetHints":{"allow":["GET"]}}],"collection":[{"href":"https:\/\/www.caririemacao.com\/1\/wp-json\/wp\/v2\/posts"}],"about":[{"href":"https:\/\/www.caririemacao.com\/1\/wp-json\/wp\/v2\/types\/post"}],"author":[{"embeddable":true,"href":"https:\/\/www.caririemacao.com\/1\/wp-json\/wp\/v2\/users\/2"}],"replies":[{"embeddable":true,"href":"https:\/\/www.caririemacao.com\/1\/wp-json\/wp\/v2\/comments?post=47080"}],"version-history":[{"count":0,"href":"https:\/\/www.caririemacao.com\/1\/wp-json\/wp\/v2\/posts\/47080\/revisions"}],"wp:featuredmedia":[{"embeddable":true,"href":"https:\/\/www.caririemacao.com\/1\/wp-json\/wp\/v2\/media\/46472"}],"wp:attachment":[{"href":"https:\/\/www.caririemacao.com\/1\/wp-json\/wp\/v2\/media?parent=47080"}],"wp:term":[{"taxonomy":"category","embeddable":true,"href":"https:\/\/www.caririemacao.com\/1\/wp-json\/wp\/v2\/categories?post=47080"},{"taxonomy":"post_tag","embeddable":true,"href":"https:\/\/www.caririemacao.com\/1\/wp-json\/wp\/v2\/tags?post=47080"}],"curies":[{"name":"wp","href":"https:\/\/api.w.org\/{rel}","templated":true}]}}