{"id":47082,"date":"2018-04-09T22:05:44","date_gmt":"2018-04-10T01:05:44","guid":{"rendered":"http:\/\/caririemacao.com\/1\/?p=47082"},"modified":"2018-04-09T22:05:44","modified_gmt":"2018-04-10T01:05:44","slug":"azevedo-e-vene-sao-recebidos-por-liderancas-do-interior-do-estado","status":"publish","type":"post","link":"https:\/\/www.caririemacao.com\/1\/2018\/04\/09\/azevedo-e-vene-sao-recebidos-por-liderancas-do-interior-do-estado\/","title":{"rendered":"Azevedo e Ven\u00e9 s\u00e3o recebidos por lideran\u00e7as do interior do Estado"},"content":{"rendered":"<p>O deputado estadual Buba Germano (PSB) escolheu a tarde deste domingo (8) para a realizar um Encontro de Lideran\u00e7as, na resid\u00eancia dele, na capital do Estado, num evento em prol do fortalecimento das pr\u00e9-candidaturas de Jo\u00e3o Azev\u00eado ao Governo do Estado e de Veneziano Vital do R\u00eago ao Senado Federal, ambos pelo PSB. Cerca de 300 pessoas, de diferentes regi\u00f5es da Para\u00edba, participaram. Prefeitos, prefeitas, ex-prefeitos e vereadores do Serid\u00f3, Curimata\u00fa, Cariri, Rio Tinto e Jo\u00e3o Pessoa, estiveram presentes.<\/p>\n<p>O evento que contou com a presen\u00e7a do pr\u00e9-candidato a governador da Para\u00edba, Jo\u00e3o Azevedo (PSB), foi o momento que o deputado Buba escolheu para fazer uma presta\u00e7\u00e3o de contas do per\u00edodo em que esteve como secret\u00e1rio de Desenvolvimento e Articula\u00e7\u00e3o Municipal (SEDAM).<\/p>\n<p>Durante o encontro, Buba Germano tamb\u00e9m aproveitou para refor\u00e7ar o apoio das lideran\u00e7as presentes aos projetos do PSB de eleger Jo\u00e3o Azevedo governador do estado e Veneziano Vital do R\u00eago Senador. O presidente da Assembleia Legislativa, deputado Gerv\u00e1sio Maia (PSB), o deputado federal, Efraim Filho (DEM) e o ex-senador, Wilson Santiago, tamb\u00e9m estiveram entre os presentes.<\/p>\n<p>\u201c\u00c9 muito importante ter um apoio de uma lideran\u00e7a como Buba Germano, que consegue reunir tantos apoios, capazes de somar nesse projeto de fazer a Para\u00edba seguir em frente com o trabalho\u201d, declarou Jo\u00e3o Azevedo.<\/p>\n<p>Para Veneziano, o encontro marcou mais uma vez a for\u00e7a do PSB no Estado, em n\u00fameros de deputados, prefeitos, vereadores e militantes. \u201cEsse projeto que \u00e9 representado na figura maior do governador Ricardo Coutinho, vai ter continuidade e a amplia\u00e7\u00e3o. Pois ter\u00e1 em mim, se assim o povo paraibano quiser no Senado e em Jo\u00e3o no Governo, parceiros\u201d.<\/p>\n<p>Buba que vai disputar a reelei\u00e7\u00e3o para a ALPB disse estar pronto para contribuir com os projetos de Jo\u00e3o e Ven\u00e9, levando os nomes dos dois a todas suas bases.<\/p>\n<p><strong>CARIRI EM A\u00c7\u00c3O<\/strong><\/p>\n<p><em>Com Wscom\/Foto: Wscom<\/em><\/p>\n<p><strong>Leia mais not\u00edcias em\u00a0<\/strong><a href=\"http:\/\/www.caririemacao.com\/\"><strong>caririemacao.com<\/strong><\/a><strong>, siga nossa p\u00e1gina no\u00a0<\/strong><a href=\"https:\/\/www.facebook.com\/CaririEmAcao\/?ref=aymt_homepage_panel\"><strong>Facebook<\/strong><\/a>,<strong>\u00a0<\/strong><a href=\"https:\/\/www.instagram.com\/cariri_em_acao\/?hl=pt-br\"><strong>Instagram<\/strong><\/a><strong>\u00a0e\u00a0<\/strong><a href=\"https:\/\/www.youtube.com\/channel\/UCAptA0jQuYQy8vMhLt2m4qg\"><strong>Youtube<\/strong><\/a><strong>\u00a0e veja nossas mat\u00e9rias, v\u00eddeos e fotos. Voc\u00ea tamb\u00e9m pode enviar informa\u00e7\u00f5es \u00e0 Reda\u00e7\u00e3o do Portal Cariri em A\u00e7\u00e3o pelo WhatsApp (83) 9 9634.5791, (83) 9 9601-1162.<\/strong><\/p>\n","protected":false},"excerpt":{"rendered":"<p>O deputado estadual Buba Germano (PSB) escolheu a tarde deste domingo (8) para a realizar um Encontro de Lideran\u00e7as, na resid\u00eancia dele, na capital do&hellip; <\/p>\n","protected":false},"author":2,"featured_media":47084,"comment_status":"closed","ping_status":"closed","sticky":false,"template":"","format":"standard","meta":{"sfsi_plus_gutenberg_text_before_share":"","sfsi_plus_gutenberg_show_text_before_share":"","sfsi_plus_gutenberg_icon_type":"","sfsi_plus_gutenberg_icon_alignemt":"","sfsi_plus_gutenburg_max_per_row":"","footnotes":""},"categories":[11],"tags":[],"class_list":["post-47082","post","type-post","status-publish","format-standard","has-post-thumbnail","hentry","category-politica"],"_links":{"self":[{"href":"https:\/\/www.caririemacao.com\/1\/wp-json\/wp\/v2\/posts\/47082","targetHints":{"allow":["GET"]}}],"collection":[{"href":"https:\/\/www.caririemacao.com\/1\/wp-json\/wp\/v2\/posts"}],"about":[{"href":"https:\/\/www.caririemacao.com\/1\/wp-json\/wp\/v2\/types\/post"}],"author":[{"embeddable":true,"href":"https:\/\/www.caririemacao.com\/1\/wp-json\/wp\/v2\/users\/2"}],"replies":[{"embeddable":true,"href":"https:\/\/www.caririemacao.com\/1\/wp-json\/wp\/v2\/comments?post=47082"}],"version-history":[{"count":0,"href":"https:\/\/www.caririemacao.com\/1\/wp-json\/wp\/v2\/posts\/47082\/revisions"}],"wp:featuredmedia":[{"embeddable":true,"href":"https:\/\/www.caririemacao.com\/1\/wp-json\/wp\/v2\/media\/47084"}],"wp:attachment":[{"href":"https:\/\/www.caririemacao.com\/1\/wp-json\/wp\/v2\/media?parent=47082"}],"wp:term":[{"taxonomy":"category","embeddable":true,"href":"https:\/\/www.caririemacao.com\/1\/wp-json\/wp\/v2\/categories?post=47082"},{"taxonomy":"post_tag","embeddable":true,"href":"https:\/\/www.caririemacao.com\/1\/wp-json\/wp\/v2\/tags?post=47082"}],"curies":[{"name":"wp","href":"https:\/\/api.w.org\/{rel}","templated":true}]}}