{"id":47086,"date":"2018-04-09T22:07:24","date_gmt":"2018-04-10T01:07:24","guid":{"rendered":"http:\/\/caririemacao.com\/1\/?p=47086"},"modified":"2018-04-10T09:16:24","modified_gmt":"2018-04-10T12:16:24","slug":"pt-avalia-mudanca-de-sede-para-curitiba-enquanto-lula-estiver-preso","status":"publish","type":"post","link":"https:\/\/www.caririemacao.com\/1\/2018\/04\/09\/pt-avalia-mudanca-de-sede-para-curitiba-enquanto-lula-estiver-preso\/","title":{"rendered":"PT avalia mudan\u00e7a de sede para Curitiba enquanto Lula estiver preso"},"content":{"rendered":"<p>O PT estuda mudar a sede do partido para Curitiba enquanto o ex-presidente Luiz In\u00e1cio Lula da Silva estiver preso na cidade, cumprindo a pena de 12 anos e um m\u00eas de pris\u00e3o, a que foi condenado pelo Tribunal Federal de Recursos da 4\u00aa Reg\u00e3o (TRF4), por corrup\u00e7\u00e3o e lavagem de dinheiro.<\/p>\n<p>A possibilidade de mudan\u00e7a da sede do partido deve ser avaliada nesta segunda-feira (9) pelos membros da Executiva Nacional do PT, que est\u00e3o reunidos na capital paranaense para debater os rumos do partido ap\u00f3s a pris\u00e3o de Lula.<\/p>\n<p>Segundo o deputado Paulo Teixeira (SP), membro da executiva, outros temas em pauta s\u00e3o a possibilidade de parlamentares e ocupantes de outros cargos pol\u00edticos visitarem Lula na sede da Superintend\u00eancia da Pol\u00edcia Federal (DF) no Paran\u00e1, onde ele est\u00e1 preso, e a expectativa de o Supremo Tribunal Federal (STF) reverter a pris\u00e3o do ex-presidente.<\/p>\n<p>\u201cA esperan\u00e7a nossa agora \u00e9 o Supremo consertar esse erro judicial que est\u00e1 sendo cometido\u201d, afirmou Teixeira, ao chegar \u00e0 reuni\u00e3o.<\/p>\n<p>O partido tem reafirmado que mant\u00e9m a pr\u00e9-candidatura de Lula \u00e0 Presid\u00eancia da Rep\u00fablica.<\/p>\n<p>Entre os 29 membros da executiva presentes ao encontro est\u00e3o ainda a presidente do PT, senadora Gleisi Hoffmann (PR), os l\u00edderes do partido na C\u00e2mara dos Deputados, Paulo Pimenta (RS), e no Senado, Lindbergh Farias (RJ).<\/p>\n<p>Enquanto o partido est\u00e1 reunido, a previs\u00e3o \u00e9 que o advogado Cristiano Zanin visite Lula na Superintend\u00eancia da PF.<\/p>\n<p><strong>CARIRI EM A\u00c7\u00c3O<\/strong><\/p>\n<p><strong>Leia mais not\u00edcias em\u00a0<\/strong><a href=\"http:\/\/www.caririemacao.com\/\"><strong>caririemacao.com<\/strong><\/a><strong>, siga nossa p\u00e1gina no\u00a0<\/strong><a href=\"https:\/\/www.facebook.com\/CaririEmAcao\/?ref=aymt_homepage_panel\"><strong>Facebook<\/strong><\/a>,<strong>\u00a0<\/strong><a href=\"https:\/\/www.instagram.com\/cariri_em_acao\/?hl=pt-br\"><strong>Instagram<\/strong><\/a><strong>\u00a0e\u00a0<\/strong><a href=\"https:\/\/www.youtube.com\/channel\/UCAptA0jQuYQy8vMhLt2m4qg\"><strong>Youtube<\/strong><\/a><strong>\u00a0e veja nossas mat\u00e9rias, v\u00eddeos e fotos. Voc\u00ea tamb\u00e9m pode enviar informa\u00e7\u00f5es \u00e0 Reda\u00e7\u00e3o do Portal Cariri em A\u00e7\u00e3o pelo WhatsApp (83) 9 9634.5791, (83) 9 9601-1162.<\/strong><\/p>\n","protected":false},"excerpt":{"rendered":"<p>O PT estuda mudar a sede do partido para Curitiba enquanto o ex-presidente Luiz In\u00e1cio Lula da Silva estiver preso na cidade, cumprindo a pena&hellip; <\/p>\n","protected":false},"author":2,"featured_media":47087,"comment_status":"closed","ping_status":"closed","sticky":false,"template":"","format":"standard","meta":{"sfsi_plus_gutenberg_text_before_share":"","sfsi_plus_gutenberg_show_text_before_share":"","sfsi_plus_gutenberg_icon_type":"","sfsi_plus_gutenberg_icon_alignemt":"","sfsi_plus_gutenburg_max_per_row":"","footnotes":""},"categories":[11],"tags":[],"class_list":["post-47086","post","type-post","status-publish","format-standard","has-post-thumbnail","hentry","category-politica"],"_links":{"self":[{"href":"https:\/\/www.caririemacao.com\/1\/wp-json\/wp\/v2\/posts\/47086","targetHints":{"allow":["GET"]}}],"collection":[{"href":"https:\/\/www.caririemacao.com\/1\/wp-json\/wp\/v2\/posts"}],"about":[{"href":"https:\/\/www.caririemacao.com\/1\/wp-json\/wp\/v2\/types\/post"}],"author":[{"embeddable":true,"href":"https:\/\/www.caririemacao.com\/1\/wp-json\/wp\/v2\/users\/2"}],"replies":[{"embeddable":true,"href":"https:\/\/www.caririemacao.com\/1\/wp-json\/wp\/v2\/comments?post=47086"}],"version-history":[{"count":0,"href":"https:\/\/www.caririemacao.com\/1\/wp-json\/wp\/v2\/posts\/47086\/revisions"}],"wp:featuredmedia":[{"embeddable":true,"href":"https:\/\/www.caririemacao.com\/1\/wp-json\/wp\/v2\/media\/47087"}],"wp:attachment":[{"href":"https:\/\/www.caririemacao.com\/1\/wp-json\/wp\/v2\/media?parent=47086"}],"wp:term":[{"taxonomy":"category","embeddable":true,"href":"https:\/\/www.caririemacao.com\/1\/wp-json\/wp\/v2\/categories?post=47086"},{"taxonomy":"post_tag","embeddable":true,"href":"https:\/\/www.caririemacao.com\/1\/wp-json\/wp\/v2\/tags?post=47086"}],"curies":[{"name":"wp","href":"https:\/\/api.w.org\/{rel}","templated":true}]}}